{"id":125589,"date":"2021-08-30T15:28:54","date_gmt":"2021-08-30T19:28:54","guid":{"rendered":"https:\/\/linitiative.ca\/International\/vaccination-des-eleves-de-12-a-17-ans-les-centres-dedies-sont-amenages-et-prets-a-accueillir-les-beneficiaires\/"},"modified":"2021-08-30T15:28:54","modified_gmt":"2021-08-30T19:28:54","slug":"vaccination-des-eleves-de-12-a-17-ans-les-centres-dedies-sont-amenages-et-prets-a-accueillir-les-beneficiaires","status":"publish","type":"post","link":"https:\/\/linitiative.ca\/International\/vaccination-des-eleves-de-12-a-17-ans-les-centres-dedies-sont-amenages-et-prets-a-accueillir-les-beneficiaires\/","title":{"rendered":"Vaccination des \u00e9l\u00e8ves de 12 \u00e0 17 ans. Les centres d\u00e9di\u00e9s sont am\u00e9nag\u00e9s et pr\u00eats \u00e0 accueillir les b\u00e9n\u00e9ficiaires"},"content":{"rendered":"<div><img decoding=\"async\" width=\"613\" height=\"344\" src=\"https:\/\/linitiative.ca\/International\/wp-content\/uploads\/sites\/23\/2021\/08\/cov1.jpeg\" class=\"attachment-post-thumbnail size-post-thumbnail wp-post-image\" alt=\"\" loading=\"lazy\" srcset=\"https:\/\/linitiative.ca\/International\/wp-content\/uploads\/sites\/23\/2021\/08\/cov1.jpeg 613w, https:\/\/www.challenge.ma\/wp-content\/uploads\/2021\/08\/cov1-300x168.jpeg 300w, https:\/\/www.challenge.ma\/wp-content\/uploads\/2021\/08\/cov1-360x202.jpeg 360w\" sizes=\"auto, (max-width: 613px) 100vw, 613px\" itemprop=\"image\">Le minist\u00e8re de l\u2019Education nationale indique que tout est pr\u00eat pour le bon d\u00e9roulement de la campagne de vaccination des \u00e9l\u00e8ves de 12 \u00e0 17 ans. Selon le directeur de la Coop\u00e9ration et de la promotion de l\u2019enseignement scolaire priv\u00e9 charg\u00e9 de la vie estudiantine, Aziz Nahya, tous les pr\u00e9paratifs<\/div>\n<p>Auteur: challenge<br \/>\n<a href=\"https:\/\/www.challenge.ma\/vaccination-des-eleves-de-12-a-17-ans-les-centres-dedies-sont-amenages-et-prets-a-accueillir-les-beneficiaires-196905\/\">Cliquez ici pour lire l&rsquo;article depuis sa source.<\/a><\/p>\n","protected":false},"excerpt":{"rendered":"<p>Le minist\u00e8re de l\u2019Education nationale indique que tout est pr\u00eat pour le bon d\u00e9roulement de la campagne de vaccination des \u00e9l\u00e8ves de 12 \u00e0 17 ans. Selon le directeur de la Coop\u00e9ration et de la promotion de l\u2019enseignement scolaire priv\u00e9 charg\u00e9 de la vie estudiantine, Aziz Nahya, tous les pr\u00e9paratifs Auteur: challenge Cliquez ici pour [&hellip;]<\/p>\n","protected":false},"author":1787,"featured_media":0,"comment_status":"closed","ping_status":"closed","sticky":false,"template":"","format":"standard","meta":{"fifu_image_url":"https:\/\/www.challenge.ma\/wp-content\/uploads\/2021\/08\/cov1.jpeg","fifu_image_alt":"Vaccination des \u00e9l\u00e8ves de 12 \u00e0 17 ans. Les centres d\u00e9di\u00e9s sont am\u00e9nag\u00e9s et pr\u00eats \u00e0 accueillir les b\u00e9n\u00e9ficiaires","footnotes":""},"categories":[78,54],"tags":[],"class_list":["post-125589","post","type-post","status-publish","format-standard","hentry","category-economie","category-maroc"],"_links":{"self":[{"href":"https:\/\/linitiative.ca\/International\/wp-json\/wp\/v2\/posts\/125589","targetHints":{"allow":["GET"]}}],"collection":[{"href":"https:\/\/linitiative.ca\/International\/wp-json\/wp\/v2\/posts"}],"about":[{"href":"https:\/\/linitiative.ca\/International\/wp-json\/wp\/v2\/types\/post"}],"author":[{"embeddable":true,"href":"https:\/\/linitiative.ca\/International\/wp-json\/wp\/v2\/users\/1787"}],"replies":[{"embeddable":true,"href":"https:\/\/linitiative.ca\/International\/wp-json\/wp\/v2\/comments?post=125589"}],"version-history":[{"count":0,"href":"https:\/\/linitiative.ca\/International\/wp-json\/wp\/v2\/posts\/125589\/revisions"}],"wp:attachment":[{"href":"https:\/\/linitiative.ca\/International\/wp-json\/wp\/v2\/media?parent=125589"}],"wp:term":[{"taxonomy":"category","embeddable":true,"href":"https:\/\/linitiative.ca\/International\/wp-json\/wp\/v2\/categories?post=125589"},{"taxonomy":"post_tag","embeddable":true,"href":"https:\/\/linitiative.ca\/International\/wp-json\/wp\/v2\/tags?post=125589"}],"curies":[{"name":"wp","href":"https:\/\/api.w.org\/{rel}","templated":true}]}}