{"id":125592,"date":"2021-08-30T16:19:33","date_gmt":"2021-08-30T20:19:33","guid":{"rendered":"https:\/\/linitiative.ca\/International\/tunisie-le-proprietaire-de-lusine-de-lacier-de-bir-mcherga-va-presenter-tous-les-justificatifs-a-la-presidence\/"},"modified":"2021-08-30T16:19:33","modified_gmt":"2021-08-30T20:19:33","slug":"tunisie-le-proprietaire-de-lusine-de-lacier-de-bir-mcherga-va-presenter-tous-les-justificatifs-a-la-presidence","status":"publish","type":"post","link":"https:\/\/linitiative.ca\/International\/tunisie-le-proprietaire-de-lusine-de-lacier-de-bir-mcherga-va-presenter-tous-les-justificatifs-a-la-presidence\/","title":{"rendered":"Tunisie \u2013 Le propri\u00e9taire de l\u2019usine de l\u2019acier de Bir Mcherga va pr\u00e9senter tous les justificatifs \u00e0 la pr\u00e9sidence"},"content":{"rendered":"<div>\n<p>Le propri\u00e9taire de l\u2019usine d\u2019acier qui avait \u00e9t\u00e9 visit\u00e9e par le pr\u00e9sident de la R\u00e9publique, il y a trois jours, et chez laquelle une grande quantit\u00e9 d\u2019acier con\u00e7u pour le b\u00e2timent a \u00e9t\u00e9 saisie, Fathi Mokhtar a annonc\u00e9 \u00e0 la presse que la quantit\u00e9 saisie suite \u00e0 la visite du chef de l\u2019Etat repr\u00e9sente le [\u2026]<\/p>\n<p>L\u2019article <a href=\"https:\/\/www.tunisienumerique.com\/tunisie-le-proprietaire-de-lusine-de-lacier-de-bir-mcherga-va-presenter-tous-les-justificatifs-a-la-presidence\/\">Tunisie \u2013 Le propri\u00e9taire de l\u2019usine de l\u2019acier de Bir Mcherga va pr\u00e9senter tous les justificatifs \u00e0 la pr\u00e9sidence<\/a> est apparu en premier sur <a href=\"https:\/\/www.tunisienumerique.com\/\">Tunisie<\/a>.<\/p>\n<\/div>\n<p>Auteur: LM<br \/>\n<a href=\"https:\/\/www.tunisienumerique.com\/tunisie-le-proprietaire-de-lusine-de-lacier-de-bir-mcherga-va-presenter-tous-les-justificatifs-a-la-presidence\/\">Cliquez ici pour lire l&rsquo;article depuis sa source.<\/a><\/p>\n","protected":false},"excerpt":{"rendered":"<p>Le propri\u00e9taire de l\u2019usine d\u2019acier qui avait \u00e9t\u00e9 visit\u00e9e par le pr\u00e9sident de la R\u00e9publique, il y a trois jours, et chez laquelle une grande quantit\u00e9 d\u2019acier con\u00e7u pour le b\u00e2timent a \u00e9t\u00e9 saisie, Fathi Mokhtar a annonc\u00e9 \u00e0 la presse que la quantit\u00e9 saisie suite \u00e0 la visite du chef de l\u2019Etat repr\u00e9sente le [&hellip;]<\/p>\n","protected":false},"author":1789,"featured_media":0,"comment_status":"closed","ping_status":"closed","sticky":false,"template":"","format":"standard","meta":{"fifu_image_url":"","fifu_image_alt":"","footnotes":""},"categories":[73,55],"tags":[],"class_list":["post-125592","post","type-post","status-publish","format-standard","hentry","category-actualite","category-tunisie"],"_links":{"self":[{"href":"https:\/\/linitiative.ca\/International\/wp-json\/wp\/v2\/posts\/125592","targetHints":{"allow":["GET"]}}],"collection":[{"href":"https:\/\/linitiative.ca\/International\/wp-json\/wp\/v2\/posts"}],"about":[{"href":"https:\/\/linitiative.ca\/International\/wp-json\/wp\/v2\/types\/post"}],"author":[{"embeddable":true,"href":"https:\/\/linitiative.ca\/International\/wp-json\/wp\/v2\/users\/1789"}],"replies":[{"embeddable":true,"href":"https:\/\/linitiative.ca\/International\/wp-json\/wp\/v2\/comments?post=125592"}],"version-history":[{"count":0,"href":"https:\/\/linitiative.ca\/International\/wp-json\/wp\/v2\/posts\/125592\/revisions"}],"wp:attachment":[{"href":"https:\/\/linitiative.ca\/International\/wp-json\/wp\/v2\/media?parent=125592"}],"wp:term":[{"taxonomy":"category","embeddable":true,"href":"https:\/\/linitiative.ca\/International\/wp-json\/wp\/v2\/categories?post=125592"},{"taxonomy":"post_tag","embeddable":true,"href":"https:\/\/linitiative.ca\/International\/wp-json\/wp\/v2\/tags?post=125592"}],"curies":[{"name":"wp","href":"https:\/\/api.w.org\/{rel}","templated":true}]}}