{"id":125593,"date":"2021-08-30T16:34:39","date_gmt":"2021-08-30T20:34:39","guid":{"rendered":"https:\/\/linitiative.ca\/International\/tunisie-la-douane-saisit-29-fusils-dissimules-dans-la-voiture-dun-tunisien-en-provenance-de-marseille\/"},"modified":"2021-08-30T16:34:39","modified_gmt":"2021-08-30T20:34:39","slug":"tunisie-la-douane-saisit-29-fusils-dissimules-dans-la-voiture-dun-tunisien-en-provenance-de-marseille","status":"publish","type":"post","link":"https:\/\/linitiative.ca\/International\/tunisie-la-douane-saisit-29-fusils-dissimules-dans-la-voiture-dun-tunisien-en-provenance-de-marseille\/","title":{"rendered":"Tunisie \u2013 La Douane saisit 29 fusils dissimul\u00e9s dans la voiture d\u2019un tunisien en provenance de Marseille"},"content":{"rendered":"<div>\n<p>Les unit\u00e9s des douanes au port commercial de Zarzis ont r\u00e9ussi \u00e0 d\u00e9couvrir et saisir 29 fusils de chasse de calibre 12 et 16, minutieusement cach\u00e9s dans le v\u00e9hicule apr\u00e8s que des modifications aient \u00e9t\u00e9 apport\u00e9es \u00e0 son habitacle. Le propri\u00e9taire du v\u00e9hicule, un tunisien arrivant de Marseille, a \u00e9t\u00e9 arr\u00eat\u00e9 pour les besoins de [\u2026]<\/p>\n<p>L\u2019article <a href=\"https:\/\/www.tunisienumerique.com\/tunisie-la-douane-saisit-29-fusils-dissimules-dans-la-voiture-dun-tunisien-en-provenance-de-marseille\/\">Tunisie \u2013 La Douane saisit 29 fusils dissimul\u00e9s dans la voiture d\u2019un tunisien en provenance de Marseille<\/a> est apparu en premier sur <a href=\"https:\/\/www.tunisienumerique.com\/\">Tunisie<\/a>.<\/p>\n<\/div>\n<p>Auteur: LM<br \/>\n<a href=\"https:\/\/www.tunisienumerique.com\/tunisie-la-douane-saisit-29-fusils-dissimules-dans-la-voiture-dun-tunisien-en-provenance-de-marseille\/\">Cliquez ici pour lire l&rsquo;article depuis sa source.<\/a><\/p>\n","protected":false},"excerpt":{"rendered":"<p>Les unit\u00e9s des douanes au port commercial de Zarzis ont r\u00e9ussi \u00e0 d\u00e9couvrir et saisir 29 fusils de chasse de calibre 12 et 16, minutieusement cach\u00e9s dans le v\u00e9hicule apr\u00e8s que des modifications aient \u00e9t\u00e9 apport\u00e9es \u00e0 son habitacle. Le propri\u00e9taire du v\u00e9hicule, un tunisien arrivant de Marseille, a \u00e9t\u00e9 arr\u00eat\u00e9 pour les besoins de [&hellip;]<\/p>\n","protected":false},"author":1789,"featured_media":0,"comment_status":"closed","ping_status":"closed","sticky":false,"template":"","format":"standard","meta":{"fifu_image_url":"","fifu_image_alt":"","footnotes":""},"categories":[73,55],"tags":[],"class_list":["post-125593","post","type-post","status-publish","format-standard","hentry","category-actualite","category-tunisie"],"_links":{"self":[{"href":"https:\/\/linitiative.ca\/International\/wp-json\/wp\/v2\/posts\/125593","targetHints":{"allow":["GET"]}}],"collection":[{"href":"https:\/\/linitiative.ca\/International\/wp-json\/wp\/v2\/posts"}],"about":[{"href":"https:\/\/linitiative.ca\/International\/wp-json\/wp\/v2\/types\/post"}],"author":[{"embeddable":true,"href":"https:\/\/linitiative.ca\/International\/wp-json\/wp\/v2\/users\/1789"}],"replies":[{"embeddable":true,"href":"https:\/\/linitiative.ca\/International\/wp-json\/wp\/v2\/comments?post=125593"}],"version-history":[{"count":0,"href":"https:\/\/linitiative.ca\/International\/wp-json\/wp\/v2\/posts\/125593\/revisions"}],"wp:attachment":[{"href":"https:\/\/linitiative.ca\/International\/wp-json\/wp\/v2\/media?parent=125593"}],"wp:term":[{"taxonomy":"category","embeddable":true,"href":"https:\/\/linitiative.ca\/International\/wp-json\/wp\/v2\/categories?post=125593"},{"taxonomy":"post_tag","embeddable":true,"href":"https:\/\/linitiative.ca\/International\/wp-json\/wp\/v2\/tags?post=125593"}],"curies":[{"name":"wp","href":"https:\/\/api.w.org\/{rel}","templated":true}]}}