{"id":125594,"date":"2021-08-30T16:36:51","date_gmt":"2021-08-30T20:36:51","guid":{"rendered":"https:\/\/linitiative.ca\/International\/affaire-chawki-tabib-loiad-denonce-son-assignation-a-residence-surveillee\/"},"modified":"2021-08-30T16:36:51","modified_gmt":"2021-08-30T20:36:51","slug":"affaire-chawki-tabib-loiad-denonce-son-assignation-a-residence-surveillee","status":"publish","type":"post","link":"https:\/\/linitiative.ca\/International\/affaire-chawki-tabib-loiad-denonce-son-assignation-a-residence-surveillee\/","title":{"rendered":"Affaire Chawki Tabib : L\u2019OIAD d\u00e9nonce son assignation \u00e0 r\u00e9sidence surveill\u00e9e"},"content":{"rendered":"<div>\n<p>L\u2019Observatoire International des Avocats en Danger-OIAD a estim\u00e9, dans un communiqu\u00e9 rendu public du 30 ao\u00fbt 2021, que le maintien de Chawki Tabib en r\u00e9sidence surveill\u00e9e en vertu des mesures de l\u2019\u00e9tat d\u2019urgence constitue \u00ab\u00a0une grave atteinte\u00a0\u00bb \u00e0 ses droits fondamentaux. Selon le communiqu\u00e9, l\u2019OIAD a fermement d\u00e9nonc\u00e9 cette mesure, rappelant qu\u2019elle a \u00e9t\u00e9 appliqu\u00e9e [\u2026]<\/p>\n<p>L\u2019article <a href=\"https:\/\/www.tunisienumerique.com\/affaire-chawki-tabib-loiad-denonce-son-assignation-a-residence-surveillee\/\">Affaire Chawki Tabib : L\u2019OIAD d\u00e9nonce son assignation \u00e0 r\u00e9sidence surveill\u00e9e<\/a> est apparu en premier sur <a href=\"https:\/\/www.tunisienumerique.com\/\">Tunisie<\/a>.<\/p>\n<\/div>\n<p>Auteur: rania ben slimane<br \/>\n<a href=\"https:\/\/www.tunisienumerique.com\/affaire-chawki-tabib-loiad-denonce-son-assignation-a-residence-surveillee\/\">Cliquez ici pour lire l&rsquo;article depuis sa source.<\/a><\/p>\n","protected":false},"excerpt":{"rendered":"<p>L\u2019Observatoire International des Avocats en Danger-OIAD a estim\u00e9, dans un communiqu\u00e9 rendu public du 30 ao\u00fbt 2021, que le maintien de Chawki Tabib en r\u00e9sidence surveill\u00e9e en vertu des mesures de l\u2019\u00e9tat d\u2019urgence constitue \u00ab\u00a0une grave atteinte\u00a0\u00bb \u00e0 ses droits fondamentaux. Selon le communiqu\u00e9, l\u2019OIAD a fermement d\u00e9nonc\u00e9 cette mesure, rappelant qu\u2019elle a \u00e9t\u00e9 appliqu\u00e9e [&hellip;]<\/p>\n","protected":false},"author":1789,"featured_media":0,"comment_status":"closed","ping_status":"closed","sticky":false,"template":"","format":"standard","meta":{"fifu_image_url":"","fifu_image_alt":"","footnotes":""},"categories":[73,55],"tags":[],"class_list":["post-125594","post","type-post","status-publish","format-standard","hentry","category-actualite","category-tunisie"],"_links":{"self":[{"href":"https:\/\/linitiative.ca\/International\/wp-json\/wp\/v2\/posts\/125594","targetHints":{"allow":["GET"]}}],"collection":[{"href":"https:\/\/linitiative.ca\/International\/wp-json\/wp\/v2\/posts"}],"about":[{"href":"https:\/\/linitiative.ca\/International\/wp-json\/wp\/v2\/types\/post"}],"author":[{"embeddable":true,"href":"https:\/\/linitiative.ca\/International\/wp-json\/wp\/v2\/users\/1789"}],"replies":[{"embeddable":true,"href":"https:\/\/linitiative.ca\/International\/wp-json\/wp\/v2\/comments?post=125594"}],"version-history":[{"count":0,"href":"https:\/\/linitiative.ca\/International\/wp-json\/wp\/v2\/posts\/125594\/revisions"}],"wp:attachment":[{"href":"https:\/\/linitiative.ca\/International\/wp-json\/wp\/v2\/media?parent=125594"}],"wp:term":[{"taxonomy":"category","embeddable":true,"href":"https:\/\/linitiative.ca\/International\/wp-json\/wp\/v2\/categories?post=125594"},{"taxonomy":"post_tag","embeddable":true,"href":"https:\/\/linitiative.ca\/International\/wp-json\/wp\/v2\/tags?post=125594"}],"curies":[{"name":"wp","href":"https:\/\/api.w.org\/{rel}","templated":true}]}}