{"id":125601,"date":"2021-08-30T17:22:53","date_gmt":"2021-08-30T21:22:53","guid":{"rendered":"https:\/\/linitiative.ca\/International\/secteur-minier-fortuna-silver-mines-se-devoile-au-premier-ministre\/"},"modified":"2021-08-30T17:22:53","modified_gmt":"2021-08-30T21:22:53","slug":"secteur-minier-fortuna-silver-mines-se-devoile-au-premier-ministre","status":"publish","type":"post","link":"https:\/\/linitiative.ca\/International\/secteur-minier-fortuna-silver-mines-se-devoile-au-premier-ministre\/","title":{"rendered":"Secteur minier   : Fortuna Silver mines se d\u00e9voile au Premier ministre"},"content":{"rendered":"<div>\n<p><strong>Le Premier ministre, Christophe Joseph Marie Dabir\u00e9, a re\u00e7u en audience le Pr\u00e9sident-directeur-g\u00e9n\u00e9ral de groupe canadien Fortuna Silver mines, Jorge Alberto Ganoza, le lundi 30 ao\u00fbt 2021, \u00e0 Ouagadougou. Les op\u00e9rations et les projets du groupe au Burkina Faso \u00e9taient au centre des \u00e9changes entre le chef du gouvernement et son h\u00f4te du jour. <\/strong><\/p>\n<p>Le groupe canadien Fortuna Silver mines veut se faire mieux conna\u00eetre des autorit\u00e9s burkinab\u00e8. A cet effet, son Pr\u00e9sident-directeur-g\u00e9n\u00e9ral (P-DG), Jorge Alberto Ganoza, est all\u00e9 pr\u00e9senter les op\u00e9rations et les projets du groupe au chef du gouvernement, Christophe Joseph Marie Dabir\u00e9, le lundi 30 ao\u00fbt 2021, \u00e0 Ouagadougou.\u00ab Nous sommes venus nous pr\u00e9senter au Premier ministre, lui expliquer nos op\u00e9rations et lui exprimer notre engagement \u00e0 continuer \u00e0 investir au Burkina Faso \u00bb, a laiss\u00e9 entendre M. Ganoza \u00e0 sa sortie d\u2019audience. Selon lui, son groupe travaille \u00e0 prolonger, dans la mesure du possible, la dur\u00e9e de vie de la mine d\u2019or qu\u2019elle d\u00e9tient au Burkina Faso.<\/p>\n<p>\u00ab La mine de Yaramoko \u00e0 Bagassi a du succ\u00e8s. Nous continuons \u00e0 faire de l\u2019exploration, \u00e0 investir pour nous assurer d\u2019augmenter la dur\u00e9e de vie de la mine le maximum possible \u00bb, a expliqu\u00e9 le PDG de Fortuna Silver mines. Mais au-del\u00e0 de cette mine, la compagnie Fortuna Silver mines est en prospection en vue de se d\u00e9ployer dans d\u2019autres r\u00e9gions du Burkina. \u00ab Nous faisons aussi de l\u2019exploration dans d\u2019autres parties du pays \u00bb, a-t-il fait savoir. Et cela est rendu possible gr\u00e2ce au corpus juridique incitatif qu\u2019offre le pays des Hommes int\u00e8gres. \u00ab Le Burkina Faso est un pays qui encourage, de fa\u00e7on responsable, l\u2019investissement dans le secteur minier \u00bb, a soulign\u00e9 M. Ganoza. En rappel, la mine d\u2019or de Yaramoko, situ\u00e9e dans la commune de Bagassi, dans la province des Bal\u00e9, dans la r\u00e9gion de la Boucle du Mouhoun, \u00e9tait d\u00e9tenue par le la soci\u00e9t\u00e9 canadienne Roxgold qui vient d\u2019\u00eatre rachet\u00e9e par le groupe Fortuna Silver mines en juillet 2021.<\/p>\n<p style=\"text-align: right\"><strong>Mahamadi SEBOGO <\/strong><\/p>\n<p>L\u2019article <a rel=\"nofollow\" href=\"https:\/\/www.sidwaya.info\/blog\/2021\/08\/30\/secteur-minier-fortuna-silver-mines-se-devoile-au-premier-ministre\/\">Secteur minier   : Fortuna Silver mines se d\u00e9voile au Premier ministre<\/a> est apparu en premier sur <a rel=\"nofollow\" href=\"https:\/\/www.sidwaya.info\/\">Quotidien Sidwaya<\/a>.<\/p>\n<\/div>\n<p>Auteur: BM. Sidwaya<br \/>\n<a href=\"https:\/\/www.sidwaya.info\/blog\/2021\/08\/30\/secteur-minier-fortuna-silver-mines-se-devoile-au-premier-ministre\/\">Cliquez ici pour lire l&rsquo;article depuis sa source.<\/a><\/p>\n","protected":false},"excerpt":{"rendered":"<p>Le Premier ministre, Christophe Joseph Marie Dabir\u00e9, a re\u00e7u en audience le Pr\u00e9sident-directeur-g\u00e9n\u00e9ral de groupe canadien Fortuna Silver mines, Jorge Alberto Ganoza, le lundi 30 ao\u00fbt 2021, \u00e0 Ouagadougou. Les op\u00e9rations et les projets du groupe au Burkina Faso \u00e9taient au centre des \u00e9changes entre le chef du gouvernement et son h\u00f4te du jour. Le [&hellip;]<\/p>\n","protected":false},"author":1816,"featured_media":0,"comment_status":"closed","ping_status":"closed","sticky":false,"template":"","format":"standard","meta":{"fifu_image_url":"","fifu_image_alt":"","footnotes":""},"categories":[73,81],"tags":[],"class_list":["post-125601","post","type-post","status-publish","format-standard","hentry","category-actualite","category-burkina-faso"],"_links":{"self":[{"href":"https:\/\/linitiative.ca\/International\/wp-json\/wp\/v2\/posts\/125601","targetHints":{"allow":["GET"]}}],"collection":[{"href":"https:\/\/linitiative.ca\/International\/wp-json\/wp\/v2\/posts"}],"about":[{"href":"https:\/\/linitiative.ca\/International\/wp-json\/wp\/v2\/types\/post"}],"author":[{"embeddable":true,"href":"https:\/\/linitiative.ca\/International\/wp-json\/wp\/v2\/users\/1816"}],"replies":[{"embeddable":true,"href":"https:\/\/linitiative.ca\/International\/wp-json\/wp\/v2\/comments?post=125601"}],"version-history":[{"count":0,"href":"https:\/\/linitiative.ca\/International\/wp-json\/wp\/v2\/posts\/125601\/revisions"}],"wp:attachment":[{"href":"https:\/\/linitiative.ca\/International\/wp-json\/wp\/v2\/media?parent=125601"}],"wp:term":[{"taxonomy":"category","embeddable":true,"href":"https:\/\/linitiative.ca\/International\/wp-json\/wp\/v2\/categories?post=125601"},{"taxonomy":"post_tag","embeddable":true,"href":"https:\/\/linitiative.ca\/International\/wp-json\/wp\/v2\/tags?post=125601"}],"curies":[{"name":"wp","href":"https:\/\/api.w.org\/{rel}","templated":true}]}}