{"id":125603,"date":"2021-08-30T16:18:02","date_gmt":"2021-08-30T20:18:02","guid":{"rendered":"https:\/\/linitiative.ca\/International\/le-rwanda-et-lethiopie-discutent-des-questions-securitaires\/"},"modified":"2021-08-30T16:18:02","modified_gmt":"2021-08-30T20:18:02","slug":"le-rwanda-et-lethiopie-discutent-des-questions-securitaires","status":"publish","type":"post","link":"https:\/\/linitiative.ca\/International\/le-rwanda-et-lethiopie-discutent-des-questions-securitaires\/","title":{"rendered":"Le Rwanda et l\u2019Ethiopie discutent des questions s\u00e9curitaires"},"content":{"rendered":"<div>\n<p><img loading=\"lazy\" decoding=\"async\" width=\"684\" height=\"381\" src=\"https:\/\/linitiative.ca\/International\/wp-content\/uploads\/sites\/23\/2021\/08\/16303546834385.jpg\" class=\"attachment-post-thumbnail size-post-thumbnail wp-post-image\" alt=\"\" srcset=\"https:\/\/linitiative.ca\/International\/wp-content\/uploads\/sites\/23\/2021\/08\/16303546834385.jpg 684w, https:\/\/www.journalducameroun.com\/wp-content\/uploads\/2021\/08\/16303546834385-300x167.jpg 300w, https:\/\/www.journalducameroun.com\/wp-content\/uploads\/2021\/08\/16303546834385-160x90.jpg 160w, https:\/\/www.journalducameroun.com\/wp-content\/uploads\/2021\/08\/16303546834385-240x135.jpg 240w, https:\/\/www.journalducameroun.com\/wp-content\/uploads\/2021\/08\/16303546834385-600x334.jpg 600w\" sizes=\"auto, (max-width: 684px) 100vw, 684px\"><\/p>\n<p>Le Pr\u00e9sident rwandais Paul Kagame a rencontr\u00e9 le Premier ministre \u00e9thiopien, Abiy Ahmed Ali pour \u00e9voquer les questions de s\u00e9curit\u00e9.Le Bureau du Pr\u00e9sident a d\u00e9clar\u00e9 que les deux dirigeants \u00ab ont discut\u00e9 de divers sujets d&rsquo;int\u00e9r\u00eat mutuel, y compris des questions sp\u00e9cifiques aux deux pays et \u00e0 la r\u00e9gion \u00bb.<\/p>\n<p>\u00c0 son arriv\u00e9e \u00e0 l&rsquo;a\u00e9roport international de Kigali, le Premier ministre \u00e9thiopien en visite de deux jours, a \u00e9t\u00e9 re\u00e7u par le ministre des Affaires \u00e9trang\u00e8res et de la Coop\u00e9ration internationale, Vincent Biruta.<\/p>\n<p>\u00ab Le Premier ministre Abiy Ahmed Ali et sa d\u00e9l\u00e9gation sont arriv\u00e9s \u00e0 Kigali, au Rwanda, pour une visite de travail de deux jours au cours de laquelle le Premier ministre rencontrera le Pr\u00e9sident Paul Kagame \u00bb, a tweet\u00e9 dimanche le bureau du Premier ministre Abiy sans r\u00e9v\u00e9ler plus de d\u00e9tails sur la visite.<\/p>\n<p>Apr\u00e8s la rencontre, le PM Abiy a d\u00e9clar\u00e9 dans un tweet qu&rsquo;il avait eu des discussions fructueuses avec son h\u00f4te. Plus tard dans la soir\u00e9e, le Pr\u00e9sident Kagame a invit\u00e9 le Premier ministre Abiy \u00e0 un d\u00eener apr\u00e8s le t\u00eate-\u00e0-t\u00eate.<\/p>\n<p>Les forces du gouvernement f\u00e9d\u00e9ral \u00e9thiopien combattent les forces rebelles dans la r\u00e9gion du Tigr\u00e9 depuis 10 mois. A cette occasion, le Premier ministre Abiy insiste sur le fait que son gouvernement ne s&rsquo;arr\u00eatera pas tant que les rebelles ne seront pas vaincus.<\/p>\n<p>Le secr\u00e9taire g\u00e9n\u00e9ral des Nations unies (Onu), Ant\u00f3nio Guterres, a pr\u00e9venu que la crise au Tigr\u00e9 allait s&rsquo;\u00e9tendre et aurait de graves cons\u00e9quences politiques, \u00e9conomiques et humanitaires pour le pays et la r\u00e9gion.<\/p>\n<p>Cet article <a rel=\"nofollow\" href=\"https:\/\/www.journalducameroun.com\/le-rwanda-et-lethiopie-discutent-des-questions-securitaires\/\">Le Rwanda et l\u2019Ethiopie discutent des questions s\u00e9curitaires<\/a> est apparu en premier sur <a rel=\"nofollow\" href=\"https:\/\/www.journalducameroun.com\/\">Journal du Cameroun<\/a>.<\/p>\n<\/div>\n<p>Auteur: APA News<br \/>\n<a href=\"https:\/\/www.journalducameroun.com\/le-rwanda-et-lethiopie-discutent-des-questions-securitaires\/\">Cliquez ici pour lire l&rsquo;article depuis sa source.<\/a><\/p>\n","protected":false},"excerpt":{"rendered":"<p>Le Pr\u00e9sident rwandais Paul Kagame a rencontr\u00e9 le Premier ministre \u00e9thiopien, Abiy Ahmed Ali pour \u00e9voquer les questions de s\u00e9curit\u00e9.Le Bureau du Pr\u00e9sident a d\u00e9clar\u00e9 que les deux dirigeants \u00ab ont discut\u00e9 de divers sujets d&rsquo;int\u00e9r\u00eat mutuel, y compris des questions sp\u00e9cifiques aux deux pays et \u00e0 la r\u00e9gion \u00bb. \u00c0 son arriv\u00e9e \u00e0 l&rsquo;a\u00e9roport [&hellip;]<\/p>\n","protected":false},"author":1965,"featured_media":0,"comment_status":"closed","ping_status":"closed","sticky":false,"template":"","format":"standard","meta":{"fifu_image_url":"https:\/\/www.journalducameroun.com\/wp-content\/uploads\/2021\/08\/16303546834385.jpg","fifu_image_alt":"Le Rwanda et l\u2019Ethiopie discutent des questions s\u00e9curitaires","footnotes":""},"categories":[73,82],"tags":[],"class_list":["post-125603","post","type-post","status-publish","format-standard","hentry","category-actualite","category-cameroun"],"_links":{"self":[{"href":"https:\/\/linitiative.ca\/International\/wp-json\/wp\/v2\/posts\/125603","targetHints":{"allow":["GET"]}}],"collection":[{"href":"https:\/\/linitiative.ca\/International\/wp-json\/wp\/v2\/posts"}],"about":[{"href":"https:\/\/linitiative.ca\/International\/wp-json\/wp\/v2\/types\/post"}],"author":[{"embeddable":true,"href":"https:\/\/linitiative.ca\/International\/wp-json\/wp\/v2\/users\/1965"}],"replies":[{"embeddable":true,"href":"https:\/\/linitiative.ca\/International\/wp-json\/wp\/v2\/comments?post=125603"}],"version-history":[{"count":0,"href":"https:\/\/linitiative.ca\/International\/wp-json\/wp\/v2\/posts\/125603\/revisions"}],"wp:attachment":[{"href":"https:\/\/linitiative.ca\/International\/wp-json\/wp\/v2\/media?parent=125603"}],"wp:term":[{"taxonomy":"category","embeddable":true,"href":"https:\/\/linitiative.ca\/International\/wp-json\/wp\/v2\/categories?post=125603"},{"taxonomy":"post_tag","embeddable":true,"href":"https:\/\/linitiative.ca\/International\/wp-json\/wp\/v2\/tags?post=125603"}],"curies":[{"name":"wp","href":"https:\/\/api.w.org\/{rel}","templated":true}]}}