{"id":125605,"date":"2021-08-30T16:18:03","date_gmt":"2021-08-30T20:18:03","guid":{"rendered":"https:\/\/linitiative.ca\/International\/cote-divoire-signature-dune-convention-pour-renforcer-la-protection-sociale\/"},"modified":"2021-08-30T16:18:03","modified_gmt":"2021-08-30T20:18:03","slug":"cote-divoire-signature-dune-convention-pour-renforcer-la-protection-sociale","status":"publish","type":"post","link":"https:\/\/linitiative.ca\/International\/cote-divoire-signature-dune-convention-pour-renforcer-la-protection-sociale\/","title":{"rendered":"C\u00f4te d\u2019Ivoire: signature d\u2019une convention pour renforcer la protection sociale"},"content":{"rendered":"<div>\n<p><img loading=\"lazy\" decoding=\"async\" width=\"1386\" height=\"924\" src=\"https:\/\/linitiative.ca\/International\/wp-content\/uploads\/sites\/23\/2021\/08\/16303546843554.jpg\" class=\"attachment-post-thumbnail size-post-thumbnail wp-post-image\" alt=\"\" srcset=\"https:\/\/linitiative.ca\/International\/wp-content\/uploads\/sites\/23\/2021\/08\/16303546843554.jpg 1386w, https:\/\/www.journalducameroun.com\/wp-content\/uploads\/2021\/08\/16303546843554-300x200.jpg 300w, https:\/\/www.journalducameroun.com\/wp-content\/uploads\/2021\/08\/16303546843554-768x512.jpg 768w, https:\/\/www.journalducameroun.com\/wp-content\/uploads\/2021\/08\/16303546843554-1024x683.jpg 1024w, https:\/\/www.journalducameroun.com\/wp-content\/uploads\/2021\/08\/16303546843554-660x440.jpg 660w, https:\/\/www.journalducameroun.com\/wp-content\/uploads\/2021\/08\/16303546843554-600x400.jpg 600w\" sizes=\"auto, (max-width: 1386px) 100vw, 1386px\"><\/p>\n<p>Le groupe pharmaceutique suisse Novartis et le Programme d&rsquo;appui aux strat\u00e9gies sociales (PASS) viennent de signer \u00e0 Abidjan une convention cadre de partenariat visant \u00e0 renforcer le syst\u00e8me de protection sociale ivoirien.<\/p>\n<p>La convention vise \u00e0 renforcer les capacit\u00e9s des dirigeants mutualistes sur divers sujets li\u00e9s \u00e0 la gouvernance et \u00e0 la gestion des mutuelles. Aujourd&rsquo;hui, 47 mutuelles sont agr\u00e9\u00e9es aupr\u00e8s de l&rsquo;Agence Ivoirienne de r\u00e9gulation de la mutualit\u00e9 Sociale.<\/p>\n<p>Le PASS, p\u00f4le d&rsquo;expertise en sant\u00e9 et protection sociale, op\u00e8re sous forme d&rsquo;une Soci\u00e9t\u00e9 par Actions Simplifi\u00e9e (SAS) \u00e0 but non lucratif. Il est port\u00e9 par deux groupements mutualistes fran\u00e7ais, le groupe Vyv et la F\u00e9d\u00e9ration Nationale de la Mutualit\u00e9 Fran\u00e7aise (FNMF).<\/p>\n<p>Il op\u00e8re sur toute l&rsquo;Afrique francophone et s&rsquo;inscrit dans le prolongement des activit\u00e9s du Programme d&rsquo;appui aux strat\u00e9gies mutualistes de sant\u00e9. La phase 1 du PASS fut g\u00e9r\u00e9e par Expertise France, de 2015 \u00e0 2020.<\/p>\n<p>Durant six ann\u00e9es, le Pass s&rsquo;est investi en Afrique de l&rsquo;Ouest aux c\u00f4t\u00e9s des acteurs mutualistes, gouvernementaux et r\u00e9gionaux de la zone de l&rsquo;Union \u00e9conomique et mon\u00e9taire ouest africaine (Uemoa).<\/p>\n<p>Le programme a permis la promotion de mod\u00e8les mutualistes et aux \u00a0mutuelles de jouer un r\u00f4le de plus en plus significatif dans les politiques d&rsquo;extension de la couverture sanitaire universelle (Csu) mise en place dans cinq des huit pays.<\/p>\n<p>Outre le d\u00e9veloppement des couvertures sant\u00e9 mutualistes, le Pass \u00e9largit son domaine d&rsquo;intervention aux projets, politiques et syst\u00e8mes de sant\u00e9 et de protection sociale avec une attention particuli\u00e8re sur les probl\u00e9matiques li\u00e9s aux femmes et aux enfants.<\/p>\n<p>Il propose une expertise construite autour de trois domaines d&rsquo;activit\u00e9 strat\u00e9giques, notamment l&rsquo;appui aux m\u00e9canismes solidaires de financement de la sant\u00e9 de types mutualiste (audit, \u00e9tudes, conseil, formation), le renforcement des services de sant\u00e9 et l&rsquo;apport en expertise en r\u00e9ponse \u00e0 diverses probl\u00e9matiques ponctuelles de sant\u00e9 et de protection sociale.<\/p>\n<p>\u00ab\u00a0Pour que les m\u00e9dicaments aient du sens, il faut que l&rsquo;organisation de soins m\u00e9dicaux, les ressources humaines, les infrastructures de diagnostic, les techniques et technologies qui donnent acc\u00e8s \u00e0 la sant\u00e9, ainsi que les m\u00e9canismes de financement soient robustes\u00a0\u00bb, a d\u00e9clar\u00e9 M. Ayit\u00e9.\u00a0<\/p>\n<p>En outre, pour une utilisation optimale des m\u00e9dicaments, \u00ab\u00a0il faut que les populations elles-m\u00eames s&rsquo;engagement dans la promotion de leur sant\u00e9. C&rsquo;est pourquoi leur appui aux communaut\u00e9s s&rsquo;int\u00e9resse globalement \u00e0 l&rsquo;\u00e9cosyst\u00e8me des soins\u00a0\u00bb, a-t-il soulign\u00e9.\u00a0<\/p>\n<p>Le groupe cible de ce partenariat est constitu\u00e9 des populations organis\u00e9es autour de mutuelles sociales ou de centres de sant\u00e9, des dirigeants \u00e9lus et salari\u00e9s des mutuelles, des \u00e9tablissements de sant\u00e9 \u00e0 base communautaire et de leurs fa\u00eeti\u00e8res.<\/p>\n<p>Les experts du syst\u00e8me de sant\u00e9 (\u00e9conomistes de la sante, socio-anthropologues, g\u00e9ographes de la sante, chercheurs, professeurs et m\u00e9decins, biostatisticiens, etc) font \u00e9galement partie de la cible ainsi que les centres de sant\u00e9 mutualistes et start-up actives dans la e-sant\u00e9.<\/p>\n<p>La collaboration entre les parties portera sur le renforcement du syst\u00e8me de sant\u00e9 et privil\u00e9giera des approches communautaires via trois axes, \u00e0 savoir le renforcement des comp\u00e9tences, le renforcement des capacit\u00e9s de centres de sant\u00e9 et la promotion des solutions digitales de sant\u00e9 au niveau communautaire.<\/p>\n<p>Elle devrait permettre \u00e0 terme de promouvoir et p\u00e9renniser les mod\u00e8les de financement solidaires de la sant\u00e9, d&rsquo;outiller les cadres de la sant\u00e9 et de la protection sociale sur les enjeux et m\u00e9canismes de financement de la sant\u00e9 \u00e0 l&rsquo;\u00e9chelle nationale (CMU) et \u00e0 l&rsquo;\u00e9chelle communautaire (mutuelles \/ coop\u00e9ratives de sant\u00e9, offre de soins communautaires, etc.).<\/p>\n<p>La convention a aussi pour but d&rsquo;apporter une meilleure efficience \u00e0 l&rsquo;offre de soins mutualiste et communautaire gr\u00e2ce \u00e0 la e-sant\u00e9 afin d&rsquo;utiliser le num\u00e9rique pour r\u00e9pondre \u00e0 diverses probl\u00e9matiques sp\u00e9cifiques en vue d&rsquo;optimiser le parcours du patient, de moderniser les syst\u00e8mes et les \u00e9tablissements de soins et en m\u00eame temps de g\u00e9n\u00e9rer des \u00e9conomies de sant\u00e9 publique dans un environnement confidentiel et s\u00e9curis\u00e9.<\/p>\n<p>Le groupe Novartis s&rsquo;est engag\u00e9 \u00e0 offrir des bourses pour la prise en charge de la formation d&rsquo;un certain nombre d&rsquo;\u00e9tudiants dans le cadre de l&rsquo;ouverture prochaine du MASTER CAMAPA (Cadres de la Mutualit\u00e9, de l&rsquo;Assurance et de la Pr\u00e9voyance) de l&rsquo;universit\u00e9 Paris 1 Panth\u00e9on-Sorbonne \u00e0 Abidjan \u00e0 l&rsquo;antenne de l&rsquo;Institut National Polytechnique Houphou\u00ebt-Boigny (INP-HB).<\/p>\n<p>Cet article <a rel=\"nofollow\" href=\"https:\/\/www.journalducameroun.com\/cote-divoire-signature-dune-convention-pour-renforcer-la-protection-sociale\/\">C\u00f4te d\u2019Ivoire: signature d\u2019une convention pour renforcer la protection sociale<\/a> est apparu en premier sur <a rel=\"nofollow\" href=\"https:\/\/www.journalducameroun.com\/\">Journal du Cameroun<\/a>.<\/p>\n<\/div>\n<p>Auteur: APA News<br \/>\n<a href=\"https:\/\/www.journalducameroun.com\/cote-divoire-signature-dune-convention-pour-renforcer-la-protection-sociale\/\">Cliquez ici pour lire l&rsquo;article depuis sa source.<\/a><\/p>\n","protected":false},"excerpt":{"rendered":"<p>Le groupe pharmaceutique suisse Novartis et le Programme d&rsquo;appui aux strat\u00e9gies sociales (PASS) viennent de signer \u00e0 Abidjan une convention cadre de partenariat visant \u00e0 renforcer le syst\u00e8me de protection sociale ivoirien. La convention vise \u00e0 renforcer les capacit\u00e9s des dirigeants mutualistes sur divers sujets li\u00e9s \u00e0 la gouvernance et \u00e0 la gestion des mutuelles. [&hellip;]<\/p>\n","protected":false},"author":1965,"featured_media":0,"comment_status":"closed","ping_status":"closed","sticky":false,"template":"","format":"standard","meta":{"fifu_image_url":"https:\/\/www.journalducameroun.com\/wp-content\/uploads\/2021\/08\/16303546843554.jpg","fifu_image_alt":"C\u00f4te d\u2019Ivoire: signature d\u2019une convention pour renforcer la protection sociale","footnotes":""},"categories":[73,82],"tags":[],"class_list":["post-125605","post","type-post","status-publish","format-standard","hentry","category-actualite","category-cameroun"],"_links":{"self":[{"href":"https:\/\/linitiative.ca\/International\/wp-json\/wp\/v2\/posts\/125605","targetHints":{"allow":["GET"]}}],"collection":[{"href":"https:\/\/linitiative.ca\/International\/wp-json\/wp\/v2\/posts"}],"about":[{"href":"https:\/\/linitiative.ca\/International\/wp-json\/wp\/v2\/types\/post"}],"author":[{"embeddable":true,"href":"https:\/\/linitiative.ca\/International\/wp-json\/wp\/v2\/users\/1965"}],"replies":[{"embeddable":true,"href":"https:\/\/linitiative.ca\/International\/wp-json\/wp\/v2\/comments?post=125605"}],"version-history":[{"count":0,"href":"https:\/\/linitiative.ca\/International\/wp-json\/wp\/v2\/posts\/125605\/revisions"}],"wp:attachment":[{"href":"https:\/\/linitiative.ca\/International\/wp-json\/wp\/v2\/media?parent=125605"}],"wp:term":[{"taxonomy":"category","embeddable":true,"href":"https:\/\/linitiative.ca\/International\/wp-json\/wp\/v2\/categories?post=125605"},{"taxonomy":"post_tag","embeddable":true,"href":"https:\/\/linitiative.ca\/International\/wp-json\/wp\/v2\/tags?post=125605"}],"curies":[{"name":"wp","href":"https:\/\/api.w.org\/{rel}","templated":true}]}}