{"id":125609,"date":"2021-08-30T16:18:04","date_gmt":"2021-08-30T20:18:04","guid":{"rendered":"https:\/\/linitiative.ca\/International\/jeux-paralympiques-tokyo-2021-2e-defaite-de-la-cote-divoire\/"},"modified":"2021-08-30T16:18:04","modified_gmt":"2021-08-30T20:18:04","slug":"jeux-paralympiques-tokyo-2021-2e-defaite-de-la-cote-divoire","status":"publish","type":"post","link":"https:\/\/linitiative.ca\/International\/jeux-paralympiques-tokyo-2021-2e-defaite-de-la-cote-divoire\/","title":{"rendered":"Jeux paralympiques Tokyo 2021: 2\u00e8 d\u00e9faite de la C\u00f4te d\u2019Ivoire"},"content":{"rendered":"<div>\n<p><img loading=\"lazy\" decoding=\"async\" width=\"710\" height=\"533\" src=\"https:\/\/linitiative.ca\/International\/wp-content\/uploads\/sites\/23\/2021\/08\/16303546844450.jpg\" class=\"attachment-post-thumbnail size-post-thumbnail wp-post-image\" alt=\"\" srcset=\"https:\/\/linitiative.ca\/International\/wp-content\/uploads\/sites\/23\/2021\/08\/16303546844450.jpg 710w, https:\/\/www.journalducameroun.com\/wp-content\/uploads\/2021\/08\/16303546844450-300x225.jpg 300w, https:\/\/www.journalducameroun.com\/wp-content\/uploads\/2021\/08\/16303546844450-586x440.jpg 586w, https:\/\/www.journalducameroun.com\/wp-content\/uploads\/2021\/08\/16303546844450-600x450.jpg 600w\" sizes=\"auto, (max-width: 710px) 100vw, 710px\"><\/p>\n<p>L&rsquo;\u00e9quipe nationale de C\u00f4te d&rsquo;Ivoire a enregistr\u00e9 sa 2\u00e8 d\u00e9faite cons\u00e9cutive lundi depuis l&rsquo;ouverture officielle le 24 ao\u00fbt dernier \u00e0 Tokyo au Japon de la 16\u00e8 \u00e9dition des jeux paralympiques 2021.<\/p>\n<p>Ce lundi, au stade olympique de Tokyo, l&rsquo;Ivoirien Ye Kah Michel, a fini \u00e0 la 7\u00e8 place \u00e0 l&rsquo;issue de la finale du lancer du poids dans la cat\u00e9gorie F41 (petite de taille).<\/p>\n<p>Vendredi dernier, en finale des moins de 65kg en Halt\u00e9rophilie, c&rsquo;\u00e9tait \u00a0son compatriote Adou Herv\u00e9 Ano de se contenter du 5\u00e8 rang. Ce qui fait un total de deux d\u00e9faites cons\u00e9cutives pour l&rsquo;\u00e9quipe ivoirienne qui cherchent encore ses marques \u00e0 ces jeux de Tokyo.<\/p>\n<p>Toutefois, la comp\u00e9tition n&rsquo;est pas encore termin\u00e9e pour la s\u00e9lection ivoirienne qui conserve deux chances de m\u00e9dailles.<\/p>\n<p>Sebehe Clarisse Lago fera son entr\u00e9e en piste \u00e0 la finale du lancer du poids dans la cat\u00e9gorie F40 (petite de taille), le samedi 4 septembre 2021 au stade olympique de Tokyo.<\/p>\n<p>Quant \u00e0 Kah Michel, apr\u00e8s sa d\u00e9faite au lancer du poids, il est attendu pour sa 2\u00e9 \u00e9preuve, notamment le javelot dont la finale est aussi pr\u00e9vue le samedi 4 septembre 2021 au stade olympique de Tokyo.<\/p>\n<p>Cet article <a rel=\"nofollow\" href=\"https:\/\/www.journalducameroun.com\/jeux-paralympiques-tokyo-2021-2e-defaite-de-la-cote-divoire\/\">Jeux paralympiques Tokyo 2021: 2\u00e8 d\u00e9faite de la C\u00f4te d\u2019Ivoire<\/a> est apparu en premier sur <a rel=\"nofollow\" href=\"https:\/\/www.journalducameroun.com\/\">Journal du Cameroun<\/a>.<\/p>\n<\/div>\n<p>Auteur: APA News<br \/>\n<a href=\"https:\/\/www.journalducameroun.com\/jeux-paralympiques-tokyo-2021-2e-defaite-de-la-cote-divoire\/\">Cliquez ici pour lire l&rsquo;article depuis sa source.<\/a><\/p>\n","protected":false},"excerpt":{"rendered":"<p>L&rsquo;\u00e9quipe nationale de C\u00f4te d&rsquo;Ivoire a enregistr\u00e9 sa 2\u00e8 d\u00e9faite cons\u00e9cutive lundi depuis l&rsquo;ouverture officielle le 24 ao\u00fbt dernier \u00e0 Tokyo au Japon de la 16\u00e8 \u00e9dition des jeux paralympiques 2021. Ce lundi, au stade olympique de Tokyo, l&rsquo;Ivoirien Ye Kah Michel, a fini \u00e0 la 7\u00e8 place \u00e0 l&rsquo;issue de la finale du lancer [&hellip;]<\/p>\n","protected":false},"author":1965,"featured_media":0,"comment_status":"closed","ping_status":"closed","sticky":false,"template":"","format":"standard","meta":{"fifu_image_url":"https:\/\/www.journalducameroun.com\/wp-content\/uploads\/2021\/08\/16303546844450.jpg","fifu_image_alt":"Jeux paralympiques Tokyo 2021: 2\u00e8 d\u00e9faite de la C\u00f4te d\u2019Ivoire","footnotes":""},"categories":[73,82],"tags":[],"class_list":["post-125609","post","type-post","status-publish","format-standard","hentry","category-actualite","category-cameroun"],"_links":{"self":[{"href":"https:\/\/linitiative.ca\/International\/wp-json\/wp\/v2\/posts\/125609","targetHints":{"allow":["GET"]}}],"collection":[{"href":"https:\/\/linitiative.ca\/International\/wp-json\/wp\/v2\/posts"}],"about":[{"href":"https:\/\/linitiative.ca\/International\/wp-json\/wp\/v2\/types\/post"}],"author":[{"embeddable":true,"href":"https:\/\/linitiative.ca\/International\/wp-json\/wp\/v2\/users\/1965"}],"replies":[{"embeddable":true,"href":"https:\/\/linitiative.ca\/International\/wp-json\/wp\/v2\/comments?post=125609"}],"version-history":[{"count":0,"href":"https:\/\/linitiative.ca\/International\/wp-json\/wp\/v2\/posts\/125609\/revisions"}],"wp:attachment":[{"href":"https:\/\/linitiative.ca\/International\/wp-json\/wp\/v2\/media?parent=125609"}],"wp:term":[{"taxonomy":"category","embeddable":true,"href":"https:\/\/linitiative.ca\/International\/wp-json\/wp\/v2\/categories?post=125609"},{"taxonomy":"post_tag","embeddable":true,"href":"https:\/\/linitiative.ca\/International\/wp-json\/wp\/v2\/tags?post=125609"}],"curies":[{"name":"wp","href":"https:\/\/api.w.org\/{rel}","templated":true}]}}