{"id":125614,"date":"2021-08-30T12:00:51","date_gmt":"2021-08-30T16:00:51","guid":{"rendered":"https:\/\/linitiative.ca\/International\/partenariat-mtn-group-et-sanlam-sassocient-pour-la-valorisation-de-leurs-produits\/"},"modified":"2021-08-30T12:00:51","modified_gmt":"2021-08-30T16:00:51","slug":"partenariat-mtn-group-et-sanlam-sassocient-pour-la-valorisation-de-leurs-produits","status":"publish","type":"post","link":"https:\/\/linitiative.ca\/International\/partenariat-mtn-group-et-sanlam-sassocient-pour-la-valorisation-de-leurs-produits\/","title":{"rendered":"Partenariat : MTN group et Sanlam s\u2019associent pour la valorisation de leurs produits"},"content":{"rendered":"<div>\n<p>L\u2019assureur et groupe de services financiers sud-africain\u00a0<strong><a href=\"https:\/\/ecomatin.net\/saham-assurance-renait-sous-la-denomination-de-sanlam\/\">Sanlam<\/a><\/strong>\u00a0et la compagnie de t\u00e9l\u00e9phonie mobile sud-africaine MTN Group, ont sign\u00e9 le 12 ao\u00fbt dernier une alliance strat\u00e9gique exclusive \u00a0en vue de la distribution des produits d\u2019assurance et d\u2019investissement du Groupe Sanlam \u00e0 travers l\u2019Afrique, et du d\u00e9veloppement de l\u2019activit\u00e9 des services financiers mobiles de MTN. Ladite alliance construira une activit\u00e9 d\u2019assurance et d\u2019investissement num\u00e9rique, qui fera partie int\u00e9grante de l\u2019offre fintech de la compagnie de t\u00e9l\u00e9phonie mobile sud-africaine. Elle offrira aux populations de tout le continent un acc\u00e8s plus facile \u00e0 ces services, en particulier \u00e0 la frange de la population africaine qui n\u2019a pas pu acc\u00e9der aux canaux de distribution traditionnels de ces produits.<\/p>\n<p><strong>Lire aussi<\/strong> : <strong><a href=\"https:\/\/ecomatin.net\/saham-assurance-renait-sous-la-denomination-de-sanlam\/\">Saham Assurance rena\u00eet sous la d\u00e9nomination de Sanlam<\/a><\/strong><\/p>\n<p>Cette alliance a la particularit\u00e9 d\u2019anticiper et de s\u2019adapter aux perturbations num\u00e9riques sur les march\u00e9s o\u00f9 Sanlam et MTN op\u00e8rent. Cela permettra \u00e9galement \u00e0 MTN d\u2019acc\u00e9l\u00e9rer et d\u2019\u00e9tendre son offre InsurTech gr\u00e2ce \u00e0 sa marque MTN InsurTech et \u00e0 sa port\u00e9e, tout en tirant parti des licences et de l\u2019empreinte g\u00e9ographique de Sanlam, ainsi que de ses vastes capacit\u00e9s de produits et de son expertise. MTN InsurTech compte actuellement environ 6 millions d\u2019assur\u00e9s actifs, et ambitionne avec ce nouveau partenariat, d\u2019atteindre plus de 30 millions d\u2019assur\u00e9s d\u2019ici 2025. La collaboration offre \u00e0 Sanlam l\u2019opportunit\u00e9 d\u2019\u00e9tendre l\u2019acc\u00e8s des consommateurs \u00e0 ses produits et de d\u00e9velopper ses op\u00e9rations en Afrique en fournissant une assurance \u00e0 la client\u00e8le de MTN \u00e0 travers le continent, approfondissant ainsi sa vaste empreinte sur le continent.<\/p>\n<p><strong>Lire aussi <\/strong>: <strong><a href=\"https:\/\/ecomatin.net\/ralph-mupita-est-le-nouveau-pdg-du-groupe-mtn\/\">Ralph Mupita, est le nouveau PDG du groupe MTN<\/a><\/strong><\/p>\n<p>Commentant la formation de l\u2019Alliance, le PDG du groupe Sanlam, M. Paul Hanratty, a d\u00e9clar\u00e9 : \u00ab Nous sommes enthousiasm\u00e9s par le d\u00e9veloppement de MTN de services financiers mobiles modernes au profit et \u00e0 l\u2019autonomisation du consommateur africain. Nous sommes tr\u00e8s fiers de pouvoir nous associer \u00e0 MTN pour cr\u00e9er la meilleure gamme possible de solutions dans le domaine de l\u2019assurance et de l\u2019investissement pour les consommateurs. Nous pr\u00e9voyons une forte croissance \u00e0 long terme des services financiers mobiles et de l\u2019assurance, et les investissements ne font pas exception \u00e0 cette r\u00e8gle \u00bb. La collaboration offre \u00e0 MTN l\u2019opportunit\u00e9 de fournir davantage de services \u00e0 valeur ajout\u00e9e \u00e0 ses clients, am\u00e9liorant ainsi son offre existante. \u00ab Le groupe MTN est \u00e9galement ravi de s\u2019associer \u00e0 Sanlam pour favoriser l\u2019inclusion financi\u00e8re \u00e0 travers le continent et fournir aux clients des produits d\u2019assurance et d\u2019investissement adapt\u00e9s aux besoins du consommateur africain \u00bb, a d\u00e9clar\u00e9 le pr\u00e9sident et chef de la direction du groupe MTN, M.\u00a0<strong><a href=\"https:\/\/ecomatin.net\/ralph-mupita-est-le-nouveau-pdg-du-groupe-mtn\/\">Ralph Mupita<\/a><\/strong>.<\/p>\n<p><strong>Lire aussi<\/strong> : <strong><a href=\"https:\/\/ecomatin.net\/covid-19-le-groupe-sanlam-au-secours-des-pays-africains\/\">Covid-19 : le groupe Sanlam au secours des pays africains<\/a><\/strong><\/p>\n<p>L\u2019Alliance construira et tirera parti des forces et des atouts de Sanlam et de MTN pour \u00e9tablir une capacit\u00e9 d\u2019assurance et d\u2019investissement num\u00e9rique \u00e0 travers l\u2019Afrique. Dans la p\u00e9riode initiale, l\u2019Alliance sera pr\u00e9sid\u00e9e par Ralph Mupita, avec Paul Hanratty comme vice-pr\u00e9sident. Alors qu\u2019environ 46 % de la population africaine a acc\u00e8s aux services de t\u00e9l\u00e9phonie mobile et les utilise, la p\u00e9n\u00e9tration de l\u2019assurance reste faible \u00e0 moins de 5% sur la plupart des march\u00e9s, \u00e0 l\u2019exception de l\u2019Afrique du Sud.<\/p>\n<p><strong>Lire aussi<\/strong> : <strong><a href=\"https:\/\/ecomatin.net\/transfert-de-fonds-mtn-cameroun-lance-une-plateforme-dediee-a-la-diaspora\/\">Transfert de fonds: MTN Cameroun lance une plateforme d\u00e9di\u00e9e \u00e0 la diaspora<\/a><\/strong><\/p>\n<p>L\u2019article <a rel=\"nofollow\" href=\"https:\/\/ecomatin.net\/partenariat-mtn-group-et-sanlam-sassocient-pour-la-valorisation-de-leurs-produits\/\">Partenariat : MTN group et Sanlam s\u2019associent pour la valorisation de leurs produits<\/a> est apparu en premier sur <a rel=\"nofollow\" href=\"https:\/\/ecomatin.net\/\">EcoMatin<\/a>.<\/p>\n<\/div>\n<p>Auteur: Yannick KENNE<br \/>\n<a href=\"https:\/\/ecomatin.net\/partenariat-mtn-group-et-sanlam-sassocient-pour-la-valorisation-de-leurs-produits\/\">Cliquez ici pour lire l&rsquo;article depuis sa source.<\/a><\/p>\n","protected":false},"excerpt":{"rendered":"<p>L\u2019assureur et groupe de services financiers sud-africain\u00a0Sanlam\u00a0et la compagnie de t\u00e9l\u00e9phonie mobile sud-africaine MTN Group, ont sign\u00e9 le 12 ao\u00fbt dernier une alliance strat\u00e9gique exclusive \u00a0en vue de la distribution des produits d\u2019assurance et d\u2019investissement du Groupe Sanlam \u00e0 travers l\u2019Afrique, et du d\u00e9veloppement de l\u2019activit\u00e9 des services financiers mobiles de MTN. Ladite alliance construira [&hellip;]<\/p>\n","protected":false},"author":1969,"featured_media":0,"comment_status":"closed","ping_status":"closed","sticky":false,"template":"","format":"standard","meta":{"fifu_image_url":"","fifu_image_alt":"","footnotes":""},"categories":[82,78],"tags":[],"class_list":["post-125614","post","type-post","status-publish","format-standard","hentry","category-cameroun","category-economie"],"_links":{"self":[{"href":"https:\/\/linitiative.ca\/International\/wp-json\/wp\/v2\/posts\/125614","targetHints":{"allow":["GET"]}}],"collection":[{"href":"https:\/\/linitiative.ca\/International\/wp-json\/wp\/v2\/posts"}],"about":[{"href":"https:\/\/linitiative.ca\/International\/wp-json\/wp\/v2\/types\/post"}],"author":[{"embeddable":true,"href":"https:\/\/linitiative.ca\/International\/wp-json\/wp\/v2\/users\/1969"}],"replies":[{"embeddable":true,"href":"https:\/\/linitiative.ca\/International\/wp-json\/wp\/v2\/comments?post=125614"}],"version-history":[{"count":0,"href":"https:\/\/linitiative.ca\/International\/wp-json\/wp\/v2\/posts\/125614\/revisions"}],"wp:attachment":[{"href":"https:\/\/linitiative.ca\/International\/wp-json\/wp\/v2\/media?parent=125614"}],"wp:term":[{"taxonomy":"category","embeddable":true,"href":"https:\/\/linitiative.ca\/International\/wp-json\/wp\/v2\/categories?post=125614"},{"taxonomy":"post_tag","embeddable":true,"href":"https:\/\/linitiative.ca\/International\/wp-json\/wp\/v2\/tags?post=125614"}],"curies":[{"name":"wp","href":"https:\/\/api.w.org\/{rel}","templated":true}]}}