{"id":125616,"date":"2021-08-30T13:52:24","date_gmt":"2021-08-30T17:52:24","guid":{"rendered":"https:\/\/linitiative.ca\/International\/service-civique-100-jeunes-de-la-region-de-lest-sengagent-a-oeuvrer-pour-lemergence-a-lhorizon-2035\/"},"modified":"2021-08-30T13:52:24","modified_gmt":"2021-08-30T17:52:24","slug":"service-civique-100-jeunes-de-la-region-de-lest-sengagent-a-oeuvrer-pour-lemergence-a-lhorizon-2035","status":"publish","type":"post","link":"https:\/\/linitiative.ca\/International\/service-civique-100-jeunes-de-la-region-de-lest-sengagent-a-oeuvrer-pour-lemergence-a-lhorizon-2035\/","title":{"rendered":"Service civique : 100 jeunes de la r\u00e9gion de l\u2019Est s\u2019engagent \u00e0 \u0153uvrer pour l\u2019\u00e9mergence \u00e0 l\u2019horizon 2035"},"content":{"rendered":"<div>\n<p>\u00ab\u00a0Nous promettons d\u2019\u00eatre pour notre pays des acteurs de l\u2019\u00e9mergence tant souhait\u00e9 \u00e0 l\u2019horizon 3035, des relais du patriotisme, du civisme, de l\u2019amour, de nos valeurs culturelles et du b\u00e9n\u00e9volat\u00a0\u00bb. Telle est la promesse faite par Emmanuelle Ngo Bisseck, porte-parole des appel\u00e9s de la huiti\u00e8me cuv\u00e9e du service civique national au d\u00e9veloppement participatif. C\u2019\u00e9tait lors de la c\u00e9r\u00e9monie marquant la fin de leur formation, le 23 ao\u00fbt 2021 \u00e0 Bertoua et pr\u00e9sid\u00e9e par le gouverneur de l\u2019Est, Gr\u00e9goire Mvongo.<\/p>\n<p><strong>Lire aussi<\/strong> : <strong><a href=\"https:\/\/ecomatin.net\/transport-urbain-les-mototaxiss-dictent-leur-loi-danss-la-regionn-de-lest\/\">Transport urbain : les mototaxis dictent leur loi dans la r\u00e9gion de l\u2019Est<\/a><\/strong><\/p>\n<p>Au total 29 filles et 71 gar\u00e7ons issus des quatre d\u00e9partements \u00a0ont pris part \u00e0 cette formation organis\u00e9e par l\u2019Agence du service civique national de participation au d\u00e9veloppement \u00e0 Bertoua. D\u2019apr\u00e8s Emilienne Dimb\u00e9l\u00e9, chef de Centre r\u00e9gional du service civique national de participation au d\u00e9veloppement,\u00a0\u00ab\u00a0pendant un mois, ces jeunes ont \u00e9t\u00e9 soumis \u00e0 un emploi de temps dense, meubl\u00e9 par des modules minutieusement choisis par la direction g\u00e9n\u00e9rale de l\u2019Agence du service civique nationale de participation au d\u00e9veloppement et contenus dans les curricula de formation \u00e9labor\u00e9s par ses services techniques et dont l\u2019essentiel tournait autour des civilit\u00e9s du civisme et du vivre-ensemble\u00a0\u00bb. De fa\u00e7on concr\u00e8te, il s\u2019agissait de la formation civique, de la protection civile, du bilinguisme, du projet de d\u00e9veloppement local, du secourisme, de la vie associative, de l\u2019environnement et de la protection de la nature, des comp\u00e9tences de vie courante, de la sant\u00e9 de reproduction des adolescents, du r\u00e9armement moral et des activit\u00e9s culturelles et sportives.<\/p>\n<p><strong>Lire aussi<\/strong> : <strong><a href=\"https:\/\/ecomatin.net\/commerce-illicite-enquete-sur-r-le-trafic-dossements-humains-a-lest\/\">Commerce illicite : enqu\u00eate sur le trafic d\u2019ossements humains \u00e0 l\u2019Est<\/a><\/strong><\/p>\n<p>Au cours de leur passage \u00e0 Bertoua, ces ambassadeurs de l\u2019Est se sont joint aux autorit\u00e9s municipales pour sensibiliser les populations sur le respect du \u00ab\u00a0jeudi de propret\u00e9<em>\u00a0\u00bb<\/em>\u00a0et le reboisement de la ville pour un environnement sain propice au d\u00e9veloppement.<\/p>\n<p><strong>Martin Foula<\/strong><\/p>\n<p>L\u2019article <a rel=\"nofollow\" href=\"https:\/\/ecomatin.net\/service-civique-100-jeunes-de-la-region-de-lest-sengagent-a-oeuvrer-pour-lemergence-a-lhorizon-2035\/\">Service civique : 100 jeunes de la r\u00e9gion de l\u2019Est s\u2019engagent \u00e0 \u0153uvrer pour l\u2019\u00e9mergence \u00e0 l\u2019horizon 2035<\/a> est apparu en premier sur <a rel=\"nofollow\" href=\"https:\/\/ecomatin.net\/\">EcoMatin<\/a>.<\/p>\n<\/div>\n<p>Auteur: EcoMatin<br \/>\n<a href=\"https:\/\/ecomatin.net\/service-civique-100-jeunes-de-la-region-de-lest-sengagent-a-oeuvrer-pour-lemergence-a-lhorizon-2035\/\">Cliquez ici pour lire l&rsquo;article depuis sa source.<\/a><\/p>\n","protected":false},"excerpt":{"rendered":"<p>\u00ab\u00a0Nous promettons d\u2019\u00eatre pour notre pays des acteurs de l\u2019\u00e9mergence tant souhait\u00e9 \u00e0 l\u2019horizon 3035, des relais du patriotisme, du civisme, de l\u2019amour, de nos valeurs culturelles et du b\u00e9n\u00e9volat\u00a0\u00bb. Telle est la promesse faite par Emmanuelle Ngo Bisseck, porte-parole des appel\u00e9s de la huiti\u00e8me cuv\u00e9e du service civique national au d\u00e9veloppement participatif. C\u2019\u00e9tait lors [&hellip;]<\/p>\n","protected":false},"author":1969,"featured_media":0,"comment_status":"closed","ping_status":"closed","sticky":false,"template":"","format":"standard","meta":{"fifu_image_url":"","fifu_image_alt":"","footnotes":""},"categories":[82,78],"tags":[],"class_list":["post-125616","post","type-post","status-publish","format-standard","hentry","category-cameroun","category-economie"],"_links":{"self":[{"href":"https:\/\/linitiative.ca\/International\/wp-json\/wp\/v2\/posts\/125616","targetHints":{"allow":["GET"]}}],"collection":[{"href":"https:\/\/linitiative.ca\/International\/wp-json\/wp\/v2\/posts"}],"about":[{"href":"https:\/\/linitiative.ca\/International\/wp-json\/wp\/v2\/types\/post"}],"author":[{"embeddable":true,"href":"https:\/\/linitiative.ca\/International\/wp-json\/wp\/v2\/users\/1969"}],"replies":[{"embeddable":true,"href":"https:\/\/linitiative.ca\/International\/wp-json\/wp\/v2\/comments?post=125616"}],"version-history":[{"count":0,"href":"https:\/\/linitiative.ca\/International\/wp-json\/wp\/v2\/posts\/125616\/revisions"}],"wp:attachment":[{"href":"https:\/\/linitiative.ca\/International\/wp-json\/wp\/v2\/media?parent=125616"}],"wp:term":[{"taxonomy":"category","embeddable":true,"href":"https:\/\/linitiative.ca\/International\/wp-json\/wp\/v2\/categories?post=125616"},{"taxonomy":"post_tag","embeddable":true,"href":"https:\/\/linitiative.ca\/International\/wp-json\/wp\/v2\/tags?post=125616"}],"curies":[{"name":"wp","href":"https:\/\/api.w.org\/{rel}","templated":true}]}}