{"id":125618,"date":"2021-08-31T08:02:11","date_gmt":"2021-08-31T12:02:11","guid":{"rendered":"https:\/\/linitiative.ca\/International\/installation-de-zainab-candy-consule-generale-de-sierra-leone-a-dakhla\/"},"modified":"2021-08-31T08:02:11","modified_gmt":"2021-08-31T12:02:11","slug":"installation-de-zainab-candy-consule-generale-de-sierra-leone-a-dakhla","status":"publish","type":"post","link":"https:\/\/linitiative.ca\/International\/installation-de-zainab-candy-consule-generale-de-sierra-leone-a-dakhla\/","title":{"rendered":"Installation de Zainab Candy consule g\u00e9n\u00e9rale de Sierra Leone \u00e0 Dakhla"},"content":{"rendered":"<div>\n<p><img decoding=\"async\" width=\"300\" height=\"153\" src=\"https:\/\/linitiative.ca\/International\/wp-content\/uploads\/sites\/23\/2021\/08\/Installation-de-Zainab-Candy-300x153-1.jpg\" class=\"attachment-medium size-medium wp-post-image\" alt=\"\" loading=\"lazy\" srcset=\"\/\/aujourdhui.ma\/wp-content\/uploads\/2021\/08\/Installation-de-Zainab-Candy-300x153.jpg 300w, \/\/aujourdhui.ma\/wp-content\/uploads\/2021\/08\/Installation-de-Zainab-Candy-274x140.jpg 274w, \/\/aujourdhui.ma\/wp-content\/uploads\/2021\/08\/Installation-de-Zainab-Candy.jpg 746w, \/\/aujourdhui.ma\/wp-content\/uploads\/2021\/08\/Installation-de-Zainab-Candy-165x84.jpg 165w, \/\/aujourdhui.ma\/wp-content\/uploads\/2021\/08\/Installation-de-Zainab-Candy-702x358.jpg 702w\" sizes=\"auto, (max-width: 300px) 100vw, 300px\"><\/p>\n<p><strong>La diplomate s ierra-l\u00e9onaise, Zainab Candy, a \u00e9t\u00e9 install\u00e9e lundi consule g\u00e9n\u00e9rale de son pays \u00e0 Dakhla.<\/strong><span id=\"more-385417\"><\/span> Mme Candy a \u00e9t\u00e9 install\u00e9e dans ses fonctions par l \u2019 a m b a s s a d e u r de la R\u00e9publique de Sierra Leone \u00e0 Rabat, Atumanni Dainkeh, lors d\u2019une c\u00e9r\u00e9monie organis\u00e9e au si\u00e8ge du consulat de ce pays africain, en pr\u00e9sence du wali de la r\u00e9gion de Dakhla- Oued Eddahab, gouverneur de la province d\u2019Oued Eddahab, Lamine Benomar et de l\u2019ambassadeur, directeur g\u00e9n\u00e9ral de l\u2019Agence marocaine de coop\u00e9ration internationale, Mohamed Mitqal.<\/p>\n<\/div>\n<p>Auteur: ALM<br \/>\n<a href=\"https:\/\/aujourdhui.ma\/politique\/installation-de-zainab-candy-consule-generale-de-sierra-leone-a-dakhla\">Cliquez ici pour lire l&rsquo;article depuis sa source.<\/a><\/p>\n","protected":false},"excerpt":{"rendered":"<p>La diplomate s ierra-l\u00e9onaise, Zainab Candy, a \u00e9t\u00e9 install\u00e9e lundi consule g\u00e9n\u00e9rale de son pays \u00e0 Dakhla. Mme Candy a \u00e9t\u00e9 install\u00e9e dans ses fonctions par l \u2019 a m b a s s a d e u r de la R\u00e9publique de Sierra Leone \u00e0 Rabat, Atumanni Dainkeh, lors d\u2019une c\u00e9r\u00e9monie organis\u00e9e au si\u00e8ge [&hellip;]<\/p>\n","protected":false},"author":1759,"featured_media":0,"comment_status":"closed","ping_status":"closed","sticky":false,"template":"","format":"standard","meta":{"fifu_image_url":"https:\/\/aujourdhui.ma\/wp-content\/uploads\/2021\/08\/Installation-de-Zainab-Candy-300x153.jpg","fifu_image_alt":"Installation de Zainab Candy consule g\u00e9n\u00e9rale de Sierra Leone \u00e0 Dakhla","footnotes":""},"categories":[73,54],"tags":[],"class_list":["post-125618","post","type-post","status-publish","format-standard","hentry","category-actualite","category-maroc"],"_links":{"self":[{"href":"https:\/\/linitiative.ca\/International\/wp-json\/wp\/v2\/posts\/125618","targetHints":{"allow":["GET"]}}],"collection":[{"href":"https:\/\/linitiative.ca\/International\/wp-json\/wp\/v2\/posts"}],"about":[{"href":"https:\/\/linitiative.ca\/International\/wp-json\/wp\/v2\/types\/post"}],"author":[{"embeddable":true,"href":"https:\/\/linitiative.ca\/International\/wp-json\/wp\/v2\/users\/1759"}],"replies":[{"embeddable":true,"href":"https:\/\/linitiative.ca\/International\/wp-json\/wp\/v2\/comments?post=125618"}],"version-history":[{"count":0,"href":"https:\/\/linitiative.ca\/International\/wp-json\/wp\/v2\/posts\/125618\/revisions"}],"wp:attachment":[{"href":"https:\/\/linitiative.ca\/International\/wp-json\/wp\/v2\/media?parent=125618"}],"wp:term":[{"taxonomy":"category","embeddable":true,"href":"https:\/\/linitiative.ca\/International\/wp-json\/wp\/v2\/categories?post=125618"},{"taxonomy":"post_tag","embeddable":true,"href":"https:\/\/linitiative.ca\/International\/wp-json\/wp\/v2\/tags?post=125618"}],"curies":[{"name":"wp","href":"https:\/\/api.w.org\/{rel}","templated":true}]}}