{"id":125622,"date":"2021-08-31T09:27:53","date_gmt":"2021-08-31T13:27:53","guid":{"rendered":"https:\/\/linitiative.ca\/International\/casablanca-2-ans-de-prison-ferme-contre-deux-malfrats\/"},"modified":"2021-08-31T09:27:53","modified_gmt":"2021-08-31T13:27:53","slug":"casablanca-2-ans-de-prison-ferme-contre-deux-malfrats","status":"publish","type":"post","link":"https:\/\/linitiative.ca\/International\/casablanca-2-ans-de-prison-ferme-contre-deux-malfrats\/","title":{"rendered":"Casablanca : 2 ans de prison ferme contre deux malfrats"},"content":{"rendered":"<div>\n<p><span style=\"color: #800000;\"><strong>La Chambre correctionnelle pr\u00e8s le tribunal de premi\u00e8re instance de Casablanca a rendu, derni\u00e8rement, son verdict contre deux jeunes malfaiteurs, \u00e2g\u00e9s respectivement de vingt-deux et vingt-six ans, pour avoir commis plusieurs agressions et vol \u00e0 l\u2019arrach\u00e9, en les condamnant \u00e0 deux ans de prison ferme.<\/strong> <\/span><span id=\"more-385475\"><\/span><\/p>\n<p>Les deux malfaiteurs dont l\u2019un est un repris de justice ont \u00e9t\u00e9 arr\u00eat\u00e9s en flagrant d\u00e9lit d\u2019un vol \u00e0 l\u2019arrach\u00e9 d\u2019un smartphone. Car, circulant \u00e0 bord d\u2019un v\u00e9lomoteur, ils ont arrach\u00e9 le smartphone<br \/>\n\u00e0 une victime. Les policiers motards, qui \u00e9taient proches des lieux, ont engag\u00e9 une course-poursuite contre les deux malfrats pour les mettre enfin hors d\u2019\u00e9tat de nuire. Les policiers ont trouv\u00e9 sur eux trois smartphones et une petite quantit\u00e9 de haschich pour consommation. Selon leurs aveux devant la police, ils ont commis plus d\u2019une dizaine de vols \u00e0 l\u2019arrach\u00e9. Toutefois, ils ont ni\u00e9 les charges retenues contre eux devant le tribunal.<\/p>\n<\/div>\n<p>Auteur: ALM<br \/>\n<a href=\"https:\/\/aujourdhui.ma\/faits-divers\/casablanca-2-ans-de-prison-ferme-contre-deux-malfrats\">Cliquez ici pour lire l&rsquo;article depuis sa source.<\/a><\/p>\n","protected":false},"excerpt":{"rendered":"<p>La Chambre correctionnelle pr\u00e8s le tribunal de premi\u00e8re instance de Casablanca a rendu, derni\u00e8rement, son verdict contre deux jeunes malfaiteurs, \u00e2g\u00e9s respectivement de vingt-deux et vingt-six ans, pour avoir commis plusieurs agressions et vol \u00e0 l\u2019arrach\u00e9, en les condamnant \u00e0 deux ans de prison ferme. Les deux malfaiteurs dont l\u2019un est un repris de justice [&hellip;]<\/p>\n","protected":false},"author":1759,"featured_media":0,"comment_status":"closed","ping_status":"closed","sticky":false,"template":"","format":"standard","meta":{"fifu_image_url":"","fifu_image_alt":"","footnotes":""},"categories":[73,54],"tags":[],"class_list":["post-125622","post","type-post","status-publish","format-standard","hentry","category-actualite","category-maroc"],"_links":{"self":[{"href":"https:\/\/linitiative.ca\/International\/wp-json\/wp\/v2\/posts\/125622","targetHints":{"allow":["GET"]}}],"collection":[{"href":"https:\/\/linitiative.ca\/International\/wp-json\/wp\/v2\/posts"}],"about":[{"href":"https:\/\/linitiative.ca\/International\/wp-json\/wp\/v2\/types\/post"}],"author":[{"embeddable":true,"href":"https:\/\/linitiative.ca\/International\/wp-json\/wp\/v2\/users\/1759"}],"replies":[{"embeddable":true,"href":"https:\/\/linitiative.ca\/International\/wp-json\/wp\/v2\/comments?post=125622"}],"version-history":[{"count":0,"href":"https:\/\/linitiative.ca\/International\/wp-json\/wp\/v2\/posts\/125622\/revisions"}],"wp:attachment":[{"href":"https:\/\/linitiative.ca\/International\/wp-json\/wp\/v2\/media?parent=125622"}],"wp:term":[{"taxonomy":"category","embeddable":true,"href":"https:\/\/linitiative.ca\/International\/wp-json\/wp\/v2\/categories?post=125622"},{"taxonomy":"post_tag","embeddable":true,"href":"https:\/\/linitiative.ca\/International\/wp-json\/wp\/v2\/tags?post=125622"}],"curies":[{"name":"wp","href":"https:\/\/api.w.org\/{rel}","templated":true}]}}