{"id":125627,"date":"2021-08-30T14:00:00","date_gmt":"2021-08-30T18:00:00","guid":{"rendered":"https:\/\/linitiative.ca\/International\/la-sierra-leone-affirme-son-soutien-a-linitiative-marocaine-dautonomie\/"},"modified":"2021-08-30T14:00:00","modified_gmt":"2021-08-30T18:00:00","slug":"la-sierra-leone-affirme-son-soutien-a-linitiative-marocaine-dautonomie","status":"publish","type":"post","link":"https:\/\/linitiative.ca\/International\/la-sierra-leone-affirme-son-soutien-a-linitiative-marocaine-dautonomie\/","title":{"rendered":"La Sierra Leone affirme son soutien \u00e0 l\u2019initiative marocaine d\u2019autonomie"},"content":{"rendered":"<div>\n<p class=\"has-text-align-center has-vivid-red-color has-text-color\"><strong>Sahara marocain<\/strong><\/p>\n<p class=\"has-text-align-left has-black-color has-text-color\"><strong>La R\u00e9publique de Sierra Leone a r\u00e9affirm\u00e9, devant le Comit\u00e9 24 (C24) des Nations-Unies, son soutien \u00e0 l\u2019initiative marocaine d\u2019autonomie comme solution au diff\u00e9rend r\u00e9gional sur le Sahara.<\/strong><\/p>\n<p class=\"has-text-align-left has-black-color has-text-color\">\u00ab\u00a0Ma d\u00e9l\u00e9gation soutient l\u2019initiative marocaine d\u2019autonomie qui est conforme au droit international en vigueur, notamment la d\u00e9volution de l\u2019autorit\u00e9 \u00e0 la population locale\u00a0\u00bb, a indiqu\u00e9 jeudi l\u2019ambassadeur, repr\u00e9sentant permanent adjoint de la Sierra Leone \u00e0 l\u2019ONU, Victoria Sulamani, lors du s\u00e9minaire r\u00e9gional du C24 qui se tient \u00e0 Saint-John, en Dominique.<\/p>\n<p class=\"has-text-align-left has-black-color has-text-color\">La diplomate a rappel\u00e9 que le Conseil de s\u00e9curit\u00e9, dans toutes ses r\u00e9solutions successives depuis 2007, y compris la r\u00e9solution 2548, a salu\u00e9 les efforts \u00ab\u00a0s\u00e9rieux et cr\u00e9dibles\u00a0\u00bb du Maroc pour faire avancer le processus vers une r\u00e9solution.<br \/>La Sierra Leone a \u00e9galement exprim\u00e9 son soutien au processus politique en cours, sous l\u2019\u00e9gide de l\u2019ONU, \u00ab\u00a0men\u00e9 conform\u00e9ment aux recommandations du Conseil de S\u00e9curit\u00e9 depuis 2007, qui vise \u00e0 parvenir \u00e0 un r\u00e8glement politique mutuellement acceptable et n\u00e9goci\u00e9 au diff\u00e9rend r\u00e9gional de longue date sur le Sahara\u00a0\u00bb.<br \/>La d\u00e9l\u00e9gation de la Sierra Leone a aussi estim\u00e9 qu\u2019une \u00ab\u00a0nouvelle dynamique\u00a0\u00bb a \u00e9t\u00e9 enclench\u00e9e, notamment \u00e0 travers les deux tables rondes organis\u00e9es \u00e0 Gen\u00e8ve avec la participation de l\u2019Alg\u00e9rie, du Maroc, de la Mauritanie et du \u00ab\u00a0polisario\u00a0\u00bb.<\/p>\n<p class=\"has-text-align-left has-black-color has-text-color\">\u00ab\u00a0La Sierra Leone salue l\u2019action du Maroc en mati\u00e8re de droits de l\u2019homme, telle que soulign\u00e9e dans les diff\u00e9rentes r\u00e9solutions du Conseil de s\u00e9curit\u00e9, y compris la r\u00e9solution 2548, mettant clairement en \u00e9vidence le r\u00f4le du Conseil national des droits de l\u2019homme dans les villes de La\u00e2youne et Dakhla, ainsi que sa coop\u00e9ration avec le Haut-Commissariat aux droits de l\u2019homme (HCDH) depuis 2011\u00a0\u00bb, a d\u00e9clar\u00e9 la diplomate sierral\u00e9onaise.<br \/>\u00ab\u00a0Nous saluons \u00e9galement les efforts du Maroc en faveur du d\u00e9veloppement socio-\u00e9conomique et infrastructurel dans la r\u00e9gion du Sahara\u00a0\u00bb, a-t-elle dit.<\/p>\n<p class=\"has-text-align-left has-black-color has-text-color\">De m\u00eame, l\u2019ambassadeur de Sierra Leone a mis l\u2019accent sur la n\u00e9cessit\u00e9 \u00ab\u00a0d\u2019am\u00e9liorer la situation des droits humains dans les camps de Tindouf\u00a0\u00bb, appelant ainsi au recensement de l\u2019ensemble de la population de ces camps conform\u00e9ment au Droit international, au mandat du Haut-Commissariat de l\u2019ONU pour les r\u00e9fugi\u00e9s et aux recommandations du Secr\u00e9taire g\u00e9n\u00e9rale et du Conseil de s\u00e9curit\u00e9.<br \/>La Sierra Leone a \u00e9galement salu\u00e9 \u00ab\u00a0le respect par le Maroc du cessez-le-feu au Sahara, ainsi que l\u2019action qu\u2019il a entreprise le 13 novembre 2020 pour assurer la libre circulation dans le passage de Guergarate\u00a0\u00bb.<br \/>\u00ab\u00a0Ma d\u00e9l\u00e9gation appelle toutes les autres parties \u00e0 respecter pleinement le cessez-le-feu, car il en va de la s\u00e9curit\u00e9 et de la stabilit\u00e9 de l\u2019ensemble de la r\u00e9gion\u00a0\u00bb, a soutenu l\u2019ambassadeur sierral\u00e9onaise.<\/p>\n<p>L\u2019article <a rel=\"nofollow\" href=\"http:\/\/albayane.press.ma\/la-sierra-leone-affirme-son-soutien-a-linitiative-marocaine-dautonomie.html\">La Sierra Leone affirme son soutien \u00e0 l\u2019initiative marocaine d\u2019autonomie<\/a> est apparu en premier sur <a rel=\"nofollow\" href=\"http:\/\/albayane.press.ma\/\">ALBAYANE<\/a>.<\/p>\n<\/div>\n<p>Auteur: M&rsquo;hammed rahal<br \/>\n<a href=\"http:\/\/albayane.press.ma\/la-sierra-leone-affirme-son-soutien-a-linitiative-marocaine-dautonomie.html\">Cliquez ici pour lire l&rsquo;article depuis sa source.<\/a><\/p>\n","protected":false},"excerpt":{"rendered":"<p>Sahara marocain La R\u00e9publique de Sierra Leone a r\u00e9affirm\u00e9, devant le Comit\u00e9 24 (C24) des Nations-Unies, son soutien \u00e0 l\u2019initiative marocaine d\u2019autonomie comme solution au diff\u00e9rend r\u00e9gional sur le Sahara. \u00ab\u00a0Ma d\u00e9l\u00e9gation soutient l\u2019initiative marocaine d\u2019autonomie qui est conforme au droit international en vigueur, notamment la d\u00e9volution de l\u2019autorit\u00e9 \u00e0 la population locale\u00a0\u00bb, a indiqu\u00e9 [&hellip;]<\/p>\n","protected":false},"author":1760,"featured_media":0,"comment_status":"closed","ping_status":"closed","sticky":false,"template":"","format":"standard","meta":{"fifu_image_url":"","fifu_image_alt":"","footnotes":""},"categories":[73,54],"tags":[],"class_list":["post-125627","post","type-post","status-publish","format-standard","hentry","category-actualite","category-maroc"],"_links":{"self":[{"href":"https:\/\/linitiative.ca\/International\/wp-json\/wp\/v2\/posts\/125627","targetHints":{"allow":["GET"]}}],"collection":[{"href":"https:\/\/linitiative.ca\/International\/wp-json\/wp\/v2\/posts"}],"about":[{"href":"https:\/\/linitiative.ca\/International\/wp-json\/wp\/v2\/types\/post"}],"author":[{"embeddable":true,"href":"https:\/\/linitiative.ca\/International\/wp-json\/wp\/v2\/users\/1760"}],"replies":[{"embeddable":true,"href":"https:\/\/linitiative.ca\/International\/wp-json\/wp\/v2\/comments?post=125627"}],"version-history":[{"count":0,"href":"https:\/\/linitiative.ca\/International\/wp-json\/wp\/v2\/posts\/125627\/revisions"}],"wp:attachment":[{"href":"https:\/\/linitiative.ca\/International\/wp-json\/wp\/v2\/media?parent=125627"}],"wp:term":[{"taxonomy":"category","embeddable":true,"href":"https:\/\/linitiative.ca\/International\/wp-json\/wp\/v2\/categories?post=125627"},{"taxonomy":"post_tag","embeddable":true,"href":"https:\/\/linitiative.ca\/International\/wp-json\/wp\/v2\/tags?post=125627"}],"curies":[{"name":"wp","href":"https:\/\/api.w.org\/{rel}","templated":true}]}}