{"id":125629,"date":"2021-08-30T14:00:00","date_gmt":"2021-08-30T18:00:00","guid":{"rendered":"https:\/\/linitiative.ca\/International\/amine-harit-debarque-a-marseille\/"},"modified":"2021-08-30T14:00:00","modified_gmt":"2021-08-30T18:00:00","slug":"amine-harit-debarque-a-marseille","status":"publish","type":"post","link":"https:\/\/linitiative.ca\/International\/amine-harit-debarque-a-marseille\/","title":{"rendered":"Amine Harit d\u00e9barque \u00e0 Marseille !"},"content":{"rendered":"<div>\n<p class=\"has-text-align-center has-vivid-red-color has-text-color\"><strong>Lions de l\u2019Atlas<\/strong><\/p>\n<p class=\"has-text-align-right has-black-color has-text-color\"><strong>Oussama Zidouhia<\/strong><\/p>\n<p class=\"has-black-color has-text-color\"><strong>L\u2019international marocain et meneur de jeu de Schalke 04, Amine Harit, va faire son grand comeback en Ligue 1, \u00e0 travers la porte de l\u2019Olympique de Marseille.<\/strong><\/p>\n<p class=\"has-black-color has-text-color\">En effet, rel\u00e9gu\u00e9 avec Schalke 04 en Bundesliga 2, Harit, \u00e2g\u00e9 de 24 ans,\u00a0 \u00e9tait longtemps annonc\u00e9 en partance vers l\u2019Espagne o\u00f9 Villarreal lui faisait les yeux doux. Finalement, c\u2019est l\u2019OM qui a r\u00e9ussi \u00e0 mettre la main sur le magicien marocain (11 capes) sous la forme d\u2019un pr\u00eat avec option d\u2019achat.<\/p>\n<p class=\"has-black-color has-text-color\">Cet \u00e9t\u00e9, le club Phoc\u00e9en a r\u00e9alis\u00e9 un des meilleurs mercato du championnat fran\u00e7ais en signant plusieurs joueurs, \u00e0 savoir Gerson, Konrad de la Fuente, Leonardo Balerdi, Cengiz Under, Matteo Guendouzi, William Saliba, Luan Peres, Pol Lirola, Pedro Ruiz Delgado et Pau Lopez.<\/p>\n<p class=\"has-black-color has-text-color\">Harit est arriv\u00e9 samedi \u00e0 Marseille pour passer la fameuse visite m\u00e9dicale avant l\u2019officialisation de son recrutement par la direction phoc\u00e9enne.<\/p>\n<p class=\"has-black-color has-text-color\">Le Marocain a publi\u00e9 un message d\u2019adieu sur son compte instagram, dans lequel il remercie Schalke 04 et ses supporters pour leur soutien inconditionnel\u00a0:<\/p>\n<p class=\"has-black-color has-text-color\">\u00ab Je suis arriv\u00e9 ici comme un jeune \u00e9tranger pour la plupart d\u2019entre vous. Mais vous m\u2019avez accueilli \u00e0 bras ouverts d\u00e8s le premier jour. J\u2019ai beaucoup ri dans ce maillot et j\u2019ai pleur\u00e9 dans ce maillot. \u00c0 travers les hauts et les bas que nous avons v\u00e9cus ensemble, notre relation est devenue inconditionnelle. Ces sentiments feront toujours partie de l\u2019homme que je suis devenu ici. Ce jeune \u00e9tranger est maintenant le p\u00e8re de deux enfants que j\u2019ai \u00e9lev\u00e9s avec les valeurs que j\u2019ai apprises \u00e0 Schalke. Je vous en serai \u00e9ternellement reconnaissant. Merci pour tout, Amine. \u00bb<\/p>\n<p class=\"has-black-color has-text-color\">L\u2019officialisation de l\u2019arriv\u00e9e de Harit \u00e0 Marseille devra se faire durant les prochaines 48h, comme expliqu\u00e9 par le quotidien la Provence\u00a0: \u00ab\u00a0L\u2019OM ne devrait officialiser le pr\u00eat d\u2019Harit qu\u2019une fois qu\u2019un d\u00e9part sera enregistr\u00e9 afin de m\u00e9nager la susceptibilit\u00e9 de la DNCG. Les prochaines 48 heures promettent donc d\u2019\u00eatre furieusement anim\u00e9es \u00bb<\/p>\n<p class=\"has-black-color has-text-color\">Pour rappel, le Lions de l\u2019Atlas, snob\u00e9 sans raison apparente par Vahid (tout comme Ziyech et Mazraoui), ne fait pas parti de la liste des 24 joueurs convoqu\u00e9s pour les deux matchs comptant pour les \u00e9liminatoires de la Coupe du Monde 2022 au Qatar.<\/p>\n<figure class=\"wp-block-gallery columns-3 is-cropped\">\n<ul class=\"blocks-gallery-grid\">\n<li class=\"blocks-gallery-item\">\n<figure><img decoding=\"async\" loading=\"lazy\" width=\"509\" height=\"300\" src=\"https:\/\/linitiative.ca\/International\/wp-content\/uploads\/sites\/23\/2021\/08\/1-142.jpg\" alt=\"\" data-id=\"119572\" class=\"wp-image-119572\"><\/figure>\n<\/li>\n<li class=\"blocks-gallery-item\">\n<figure><img decoding=\"async\" loading=\"lazy\" width=\"508\" height=\"300\" src=\"https:\/\/linitiative.ca\/International\/wp-content\/uploads\/sites\/23\/2021\/08\/OUV-275.jpg\" alt=\"\" data-id=\"119573\" data-link=\"http:\/\/albayane.press.ma\/?attachment_id=119573#main\" class=\"wp-image-119573\"><\/figure>\n<\/li>\n<li class=\"blocks-gallery-item\">\n<figure><img decoding=\"async\" loading=\"lazy\" width=\"509\" height=\"300\" src=\"https:\/\/linitiative.ca\/International\/wp-content\/uploads\/sites\/23\/2021\/08\/4-59.jpg\" alt=\"\" data-id=\"119574\" data-full-url=\"https:\/\/linitiative.ca\/International\/wp-content\/uploads\/sites\/23\/2021\/08\/4-59.jpg\" data-link=\"http:\/\/albayane.press.ma\/?attachment_id=119574#main\" class=\"wp-image-119574\"><\/figure>\n<\/li>\n<\/ul>\n<\/figure>\n<p>L\u2019article <a rel=\"nofollow\" href=\"http:\/\/albayane.press.ma\/amine-harit-debarque-a-marseille.html\">Amine Harit d\u00e9barque \u00e0 Marseille !<\/a> est apparu en premier sur <a rel=\"nofollow\" href=\"http:\/\/albayane.press.ma\/\">ALBAYANE<\/a>.<\/p>\n<\/div>\n<p>Auteur: M&rsquo;hammed rahal<br \/>\n<a href=\"http:\/\/albayane.press.ma\/amine-harit-debarque-a-marseille.html\">Cliquez ici pour lire l&rsquo;article depuis sa source.<\/a><\/p>\n","protected":false},"excerpt":{"rendered":"<p>Lions de l\u2019Atlas Oussama Zidouhia L\u2019international marocain et meneur de jeu de Schalke 04, Amine Harit, va faire son grand comeback en Ligue 1, \u00e0 travers la porte de l\u2019Olympique de Marseille. En effet, rel\u00e9gu\u00e9 avec Schalke 04 en Bundesliga 2, Harit, \u00e2g\u00e9 de 24 ans,\u00a0 \u00e9tait longtemps annonc\u00e9 en partance vers l\u2019Espagne o\u00f9 Villarreal [&hellip;]<\/p>\n","protected":false},"author":1760,"featured_media":0,"comment_status":"closed","ping_status":"closed","sticky":false,"template":"","format":"standard","meta":{"fifu_image_url":"http:\/\/albayane.press.ma\/wp-content\/uploads\/1-142.jpg","fifu_image_alt":"Amine Harit d\u00e9barque \u00e0 Marseille !","footnotes":""},"categories":[73,54],"tags":[],"class_list":["post-125629","post","type-post","status-publish","format-standard","hentry","category-actualite","category-maroc"],"_links":{"self":[{"href":"https:\/\/linitiative.ca\/International\/wp-json\/wp\/v2\/posts\/125629","targetHints":{"allow":["GET"]}}],"collection":[{"href":"https:\/\/linitiative.ca\/International\/wp-json\/wp\/v2\/posts"}],"about":[{"href":"https:\/\/linitiative.ca\/International\/wp-json\/wp\/v2\/types\/post"}],"author":[{"embeddable":true,"href":"https:\/\/linitiative.ca\/International\/wp-json\/wp\/v2\/users\/1760"}],"replies":[{"embeddable":true,"href":"https:\/\/linitiative.ca\/International\/wp-json\/wp\/v2\/comments?post=125629"}],"version-history":[{"count":0,"href":"https:\/\/linitiative.ca\/International\/wp-json\/wp\/v2\/posts\/125629\/revisions"}],"wp:attachment":[{"href":"https:\/\/linitiative.ca\/International\/wp-json\/wp\/v2\/media?parent=125629"}],"wp:term":[{"taxonomy":"category","embeddable":true,"href":"https:\/\/linitiative.ca\/International\/wp-json\/wp\/v2\/categories?post=125629"},{"taxonomy":"post_tag","embeddable":true,"href":"https:\/\/linitiative.ca\/International\/wp-json\/wp\/v2\/tags?post=125629"}],"curies":[{"name":"wp","href":"https:\/\/api.w.org\/{rel}","templated":true}]}}