{"id":125634,"date":"2021-08-31T07:30:00","date_gmt":"2021-08-31T11:30:00","guid":{"rendered":"https:\/\/linitiative.ca\/International\/la-revision-de-la-loi-electorale-publiee-au-journal-officiel\/"},"modified":"2021-08-31T07:30:00","modified_gmt":"2021-08-31T11:30:00","slug":"la-revision-de-la-loi-electorale-publiee-au-journal-officiel","status":"publish","type":"post","link":"https:\/\/linitiative.ca\/International\/la-revision-de-la-loi-electorale-publiee-au-journal-officiel\/","title":{"rendered":"La r\u00e9vision de la loi \u00e9lectorale publi\u00e9e au journal officiel"},"content":{"rendered":"<div>L&rsquo;Ordonnance modifiant et compl\u00e9tant des dispositions de la loi organique relative au r\u00e9gime \u00e9lectoral est parue dans le dernier num\u00e9ro du journal officiel.<\/div>\n<p>Auteur:<br \/>\n<a href=\"https:\/\/www.liberte-algerie.com\/actualite\/la-revision-de-la-loi-electorale-publiee-au-journal-officiel-364227\">Cliquez ici pour lire l&rsquo;article depuis sa source.<\/a><\/p>\n","protected":false},"excerpt":{"rendered":"<p>L&rsquo;Ordonnance modifiant et compl\u00e9tant des dispositions de la loi organique relative au r\u00e9gime \u00e9lectoral est parue dans le dernier num\u00e9ro du journal officiel. Auteur: Cliquez ici pour lire l&rsquo;article depuis sa source.<\/p>\n","protected":false},"author":1742,"featured_media":0,"comment_status":"closed","ping_status":"closed","sticky":false,"template":"","format":"standard","meta":{"fifu_image_url":"","fifu_image_alt":"","footnotes":""},"categories":[73,53],"tags":[],"class_list":["post-125634","post","type-post","status-publish","format-standard","hentry","category-actualite","category-algerie"],"_links":{"self":[{"href":"https:\/\/linitiative.ca\/International\/wp-json\/wp\/v2\/posts\/125634","targetHints":{"allow":["GET"]}}],"collection":[{"href":"https:\/\/linitiative.ca\/International\/wp-json\/wp\/v2\/posts"}],"about":[{"href":"https:\/\/linitiative.ca\/International\/wp-json\/wp\/v2\/types\/post"}],"author":[{"embeddable":true,"href":"https:\/\/linitiative.ca\/International\/wp-json\/wp\/v2\/users\/1742"}],"replies":[{"embeddable":true,"href":"https:\/\/linitiative.ca\/International\/wp-json\/wp\/v2\/comments?post=125634"}],"version-history":[{"count":0,"href":"https:\/\/linitiative.ca\/International\/wp-json\/wp\/v2\/posts\/125634\/revisions"}],"wp:attachment":[{"href":"https:\/\/linitiative.ca\/International\/wp-json\/wp\/v2\/media?parent=125634"}],"wp:term":[{"taxonomy":"category","embeddable":true,"href":"https:\/\/linitiative.ca\/International\/wp-json\/wp\/v2\/categories?post=125634"},{"taxonomy":"post_tag","embeddable":true,"href":"https:\/\/linitiative.ca\/International\/wp-json\/wp\/v2\/tags?post=125634"}],"curies":[{"name":"wp","href":"https:\/\/api.w.org\/{rel}","templated":true}]}}