{"id":125637,"date":"2021-08-31T11:30:00","date_gmt":"2021-08-31T15:30:00","guid":{"rendered":"https:\/\/linitiative.ca\/International\/un-incendie-ravage-27-hectares-de-pin-dalep-et-de-maquis-a-souk-naamane\/"},"modified":"2021-08-31T11:30:00","modified_gmt":"2021-08-31T15:30:00","slug":"un-incendie-ravage-27-hectares-de-pin-dalep-et-de-maquis-a-souk-naamane","status":"publish","type":"post","link":"https:\/\/linitiative.ca\/International\/un-incendie-ravage-27-hectares-de-pin-dalep-et-de-maquis-a-souk-naamane\/","title":{"rendered":"Un incendie ravage 27 hectares de pin d&rsquo;Alep et de maquis \u00e0 Souk Naamane"},"content":{"rendered":"<div>Un incendie a ravag\u00e9 27 hectares de pin d&rsquo;Alep et de maquis dans la localit\u00e9 de Souk Naamane (wilaya de Oum El Bouaghi ), a-t-on appris mardi aupr\u00e8s des services de la Protection civile (PC).<\/div>\n<p>Auteur:<br \/>\n<a href=\"https:\/\/www.liberte-algerie.com\/actualite\/un-incendie-ravage-27-hectares-de-pin-dalep-et-de-maquis-a-souk-naamane-364230\">Cliquez ici pour lire l&rsquo;article depuis sa source.<\/a><\/p>\n","protected":false},"excerpt":{"rendered":"<p>Un incendie a ravag\u00e9 27 hectares de pin d&rsquo;Alep et de maquis dans la localit\u00e9 de Souk Naamane (wilaya de Oum El Bouaghi ), a-t-on appris mardi aupr\u00e8s des services de la Protection civile (PC). Auteur: Cliquez ici pour lire l&rsquo;article depuis sa source.<\/p>\n","protected":false},"author":1742,"featured_media":0,"comment_status":"closed","ping_status":"closed","sticky":false,"template":"","format":"standard","meta":{"fifu_image_url":"","fifu_image_alt":"","footnotes":""},"categories":[73,53],"tags":[],"class_list":["post-125637","post","type-post","status-publish","format-standard","hentry","category-actualite","category-algerie"],"_links":{"self":[{"href":"https:\/\/linitiative.ca\/International\/wp-json\/wp\/v2\/posts\/125637","targetHints":{"allow":["GET"]}}],"collection":[{"href":"https:\/\/linitiative.ca\/International\/wp-json\/wp\/v2\/posts"}],"about":[{"href":"https:\/\/linitiative.ca\/International\/wp-json\/wp\/v2\/types\/post"}],"author":[{"embeddable":true,"href":"https:\/\/linitiative.ca\/International\/wp-json\/wp\/v2\/users\/1742"}],"replies":[{"embeddable":true,"href":"https:\/\/linitiative.ca\/International\/wp-json\/wp\/v2\/comments?post=125637"}],"version-history":[{"count":0,"href":"https:\/\/linitiative.ca\/International\/wp-json\/wp\/v2\/posts\/125637\/revisions"}],"wp:attachment":[{"href":"https:\/\/linitiative.ca\/International\/wp-json\/wp\/v2\/media?parent=125637"}],"wp:term":[{"taxonomy":"category","embeddable":true,"href":"https:\/\/linitiative.ca\/International\/wp-json\/wp\/v2\/categories?post=125637"},{"taxonomy":"post_tag","embeddable":true,"href":"https:\/\/linitiative.ca\/International\/wp-json\/wp\/v2\/tags?post=125637"}],"curies":[{"name":"wp","href":"https:\/\/api.w.org\/{rel}","templated":true}]}}