{"id":125640,"date":"2021-08-31T04:00:18","date_gmt":"2021-08-31T08:00:18","guid":{"rendered":"https:\/\/linitiative.ca\/International\/session-de-formation-au-profit-des-femmes-entrepreneures\/"},"modified":"2021-08-31T04:00:18","modified_gmt":"2021-08-31T08:00:18","slug":"session-de-formation-au-profit-des-femmes-entrepreneures","status":"publish","type":"post","link":"https:\/\/linitiative.ca\/International\/session-de-formation-au-profit-des-femmes-entrepreneures\/","title":{"rendered":"Session de formation au profit des femmes entrepreneures"},"content":{"rendered":"<div>\n<div style=\"margin-bottom:20px;\"><img loading=\"lazy\" decoding=\"async\" width=\"750\" height=\"430\" src=\"https:\/\/linitiative.ca\/International\/wp-content\/uploads\/sites\/23\/2021\/08\/CRIMarrakech.jpg\" class=\"attachment-post-thumbnail size-post-thumbnail wp-post-image\" alt=\"\" srcset=\"https:\/\/linitiative.ca\/International\/wp-content\/uploads\/sites\/23\/2021\/08\/CRIMarrakech.jpg 750w, http:\/\/www.mapmarrakech.ma\/map\/uploads\/2021\/08\/CRIMarrakech-300x172.jpg 300w\" sizes=\"auto, (max-width: 750px) 100vw, 750px\"><\/div>\n<p>Initi\u00e9e dans le cadre du programme \u00ab\u00a0Women in Business\u00a0\u00bb, financ\u00e9 par l\u2019Union Europ\u00e9enne (UE), cette formation vise \u00e0 permettre \u00e0 quelque 100 femmes entrepreneures de la r\u00e9gion de faire face aux contraintes du march\u00e9 notamment, dans un monde \u00e9conomique en pleine mutation, et d\u2019adapter leur business aux outils digitaux.<\/p>\n<p>Cette formation portera sur plusieurs th\u00e9matiques, entre autres : \u00ab\u00a0la pr\u00e9sence sur le web\u00a0\u00bb, \u00ab\u00a0le marketing au num\u00e9rique\u00a0\u00bb, \u00ab\u00a0le marketing en ligne\u00a0\u00bb, \u00ab\u00a0les m\u00e9dias sociaux et marketing\u00a0\u00bb, et \u00ab\u00a0la technique de l\u2019e-mail marketing\u00a0\u00bb.<\/p>\n<p>Dans le cadre de ce programme, appuy\u00e9 par l\u2019UE au titre de son initiative europ\u00e9enne pour l\u2019inclusion financi\u00e8re, la BERD oeuvre en collaboration avec des institutions financi\u00e8res partenaires locales notamment, la BMCE Bank of Africa et la BMCI, pour donner aux femmes entrepreneures acc\u00e8s au financement n\u00e9cessaire au d\u00e9veloppement de leur activit\u00e9.<\/p>\n<p>L\u2019Initiative de l\u2019UE pour l\u2019inclusion financi\u00e8re se propose d\u2019\u00e9tendre le financement aux micro, petites et moyennes entreprises (MPME), y compris le soutien aux start-up innovantes, dans le voisinage sud.<\/p>\n<p>En facilitant l\u2019acc\u00e8s au financement et en fournissant aux PME les bons outils, cette initiative vise \u00e0 accro\u00eetre leur comp\u00e9titivit\u00e9, ce qui g\u00e9n\u00e9rera des emplois indispensables et stimule la croissance \u00e9conomique.<\/p>\n<p>The post <a rel=\"nofollow\" href=\"http:\/\/www.mapmarrakech.ma\/fr\/session-de-formation-au-profit-des-femmes-entrepreneures\/\">Session de formation au profit des femmes entrepreneures<\/a> appeared first on <a rel=\"nofollow\" href=\"http:\/\/www.mapmarrakech.ma\/fr\">MapMarrakech<\/a>.<\/p>\n<\/div>\n<p>Auteur: Mohammed KOURSI<br \/>\n<a href=\"http:\/\/www.mapmarrakech.ma\/fr\/session-de-formation-au-profit-des-femmes-entrepreneures\/\">Cliquez ici pour lire l&rsquo;article depuis sa source.<\/a><\/p>\n","protected":false},"excerpt":{"rendered":"<p>Initi\u00e9e dans le cadre du programme \u00ab\u00a0Women in Business\u00a0\u00bb, financ\u00e9 par l\u2019Union Europ\u00e9enne (UE), cette formation vise \u00e0 permettre \u00e0 quelque 100 femmes entrepreneures de la r\u00e9gion de faire face aux contraintes du march\u00e9 notamment, dans un monde \u00e9conomique en pleine mutation, et d\u2019adapter leur business aux outils digitaux. Cette formation portera sur plusieurs th\u00e9matiques, [&hellip;]<\/p>\n","protected":false},"author":1788,"featured_media":0,"comment_status":"closed","ping_status":"closed","sticky":false,"template":"","format":"standard","meta":{"fifu_image_url":"http:\/\/www.mapmarrakech.ma\/map\/uploads\/2021\/08\/CRIMarrakech.jpg","fifu_image_alt":"Session de formation au profit des femmes entrepreneures","footnotes":""},"categories":[54,76],"tags":[],"class_list":["post-125640","post","type-post","status-publish","format-standard","hentry","category-maroc","category-regions"],"_links":{"self":[{"href":"https:\/\/linitiative.ca\/International\/wp-json\/wp\/v2\/posts\/125640","targetHints":{"allow":["GET"]}}],"collection":[{"href":"https:\/\/linitiative.ca\/International\/wp-json\/wp\/v2\/posts"}],"about":[{"href":"https:\/\/linitiative.ca\/International\/wp-json\/wp\/v2\/types\/post"}],"author":[{"embeddable":true,"href":"https:\/\/linitiative.ca\/International\/wp-json\/wp\/v2\/users\/1788"}],"replies":[{"embeddable":true,"href":"https:\/\/linitiative.ca\/International\/wp-json\/wp\/v2\/comments?post=125640"}],"version-history":[{"count":0,"href":"https:\/\/linitiative.ca\/International\/wp-json\/wp\/v2\/posts\/125640\/revisions"}],"wp:attachment":[{"href":"https:\/\/linitiative.ca\/International\/wp-json\/wp\/v2\/media?parent=125640"}],"wp:term":[{"taxonomy":"category","embeddable":true,"href":"https:\/\/linitiative.ca\/International\/wp-json\/wp\/v2\/categories?post=125640"},{"taxonomy":"post_tag","embeddable":true,"href":"https:\/\/linitiative.ca\/International\/wp-json\/wp\/v2\/tags?post=125640"}],"curies":[{"name":"wp","href":"https:\/\/api.w.org\/{rel}","templated":true}]}}