{"id":125642,"date":"2021-08-31T04:03:25","date_gmt":"2021-08-31T08:03:25","guid":{"rendered":"https:\/\/linitiative.ca\/International\/des-campagnes-electorales-a-cadence-limitee\/"},"modified":"2021-08-31T04:03:25","modified_gmt":"2021-08-31T08:03:25","slug":"des-campagnes-electorales-a-cadence-limitee","status":"publish","type":"post","link":"https:\/\/linitiative.ca\/International\/des-campagnes-electorales-a-cadence-limitee\/","title":{"rendered":"Des campagnes \u00e9lectorales \u00e0 cadence \u00ab\u00a0limit\u00e9e\u00a0\u00bb"},"content":{"rendered":"<div>\n<div style=\"margin-bottom:20px;\"><img loading=\"lazy\" decoding=\"async\" width=\"750\" height=\"430\" src=\"https:\/\/linitiative.ca\/International\/wp-content\/uploads\/sites\/23\/2021\/08\/Elections-1-2-1.jpg\" class=\"attachment-post-thumbnail size-post-thumbnail wp-post-image\" alt=\"\" srcset=\"https:\/\/linitiative.ca\/International\/wp-content\/uploads\/sites\/23\/2021\/08\/Elections-1-2-1.jpg 750w, http:\/\/www.mapmarrakech.ma\/map\/uploads\/2021\/08\/Elections-1-2-300x172.jpg 300w\" sizes=\"auto, (max-width: 750px) 100vw, 750px\"><\/div>\n<p>Les candidats m\u00e8nent une course contre la montre avant la fin de cette campagne dans le but d\u2019influencer les \u00e9lecteurs apr\u00e8s avoir d\u00e9croch\u00e9 les accr\u00e9ditations des formations politiques qu\u2019ils repr\u00e9sentent dans l\u2019espoir de remporter le plus grand nombre de si\u00e8ges dans les conseils des communes, des provinces et de la r\u00e9gion.<\/p>\n<p>Si les partis politiques en lice dans la r\u00e9gion misent sur les candidats chevronn\u00e9s et dot\u00e9s d\u2019une longue exp\u00e9rience, il n\u2019en demeure pas moins que les listes des candidats des formations politiques sont marqu\u00e9es par une pr\u00e9sence en force des jeunes enthousiastes et mobilis\u00e9s pour participer \u00e0 la gestion de la chose locale et r\u00e9gionale avec \u00ab\u00a0un style diff\u00e9rent et une vision diff\u00e9rente\u00a0\u00bb, avec comme objectifs de r\u00e9pondre aux attentes de la population locale et de relever le pari du d\u00e9veloppement \u00e0 tous les niveaux.<\/p>\n<p>Dans une d\u00e9claration \u00e0 la MAP, l\u2019enseignant \u00e0 l\u2019universit\u00e9 Cadi Ayyad, Dr. Mohamed El Ghali, a not\u00e9 que cette campagne se d\u00e9roule au niveau de la cit\u00e9 ocre dans des conditions \u00ab\u00a0normales\u00a0\u00bb contrairement au climat effervescent qui a marqu\u00e9 la p\u00e9riode de l\u2019octroi des accr\u00e9ditations et la pr\u00e9paration des listes \u00e9lectorales et le choix des mandataires de ces listes.<\/p>\n<p>Dans ce contexte, cet universitaire a fait remarquer que les prochaines \u00e9ch\u00e9ances \u00e9lectorales interviennent dans un contexte national marqu\u00e9 par l\u2019entame de la mise en \u0153uvre des recommandations du Rapport g\u00e9n\u00e9ral sur le Nouveau mod\u00e8le de d\u00e9veloppement.<\/p>\n<p>Au niveau international, ce scrutin intervient dans un contexte exigeant la consolidation des acquis importants engrang\u00e9s par le Royaume au niveau de la d\u00e9fense de ses int\u00e9r\u00eats nationaux et strat\u00e9giques, notamment en ce qui concerne la question de son int\u00e9grit\u00e9 territoriale en d\u00e9pit de la conjoncture sanitaire exceptionnelle, a expliqu\u00e9 cet universitaire.<\/p>\n<p>Le v\u00e9ritable enjeu de ce scrutin consiste \u00e0 produire des \u00e9lites politiques capables de contribuer \u00e0 relever les diff\u00e9rents d\u00e9fis, a-t-il insist\u00e9, relevant que les prochaines \u00e9lections servent de v\u00e9ritable test pour donner une image distingu\u00e9e de notre pays vers la voie de la cons\u00e9cration du choix d\u00e9mocratique adopt\u00e9 par le Royaume.<\/p>\n<p>Dans ce cadre, il a soulign\u00e9 que les \u00e9lections d\u00e9mocratiques et transparentes sont un engagement national, alors que la forte participation consolidera les acquis de l\u2019unit\u00e9, la solidarit\u00e9 et la collaboration.<\/p>\n<p>Par ailleurs, l\u2019universitaire a fait remarquer que les r\u00e9seaux sociaux jouent un r\u00f4le pr\u00e9pond\u00e9rant dans l\u2019op\u00e9ration de communication avec les \u00e9lecteurs pour faire connaitre les programmes \u00e9lectoraux des formations politiques, indiquant que les partis politiques ont pris conscience du grand r\u00f4le que jouent ces NTIC pour influencer l\u2019opinion publique.<\/p>\n<p>Dans ce contexte, il a fait savoir qu\u2019en principe, les r\u00e9seaux sociaux sont \u00e0 la port\u00e9e de tous, mais en tirer profit d\u00e9pend largement de l\u2019appropriation du candidat des connaissances lui permettant de mieux utiliser ces techniques et sa capacit\u00e9 \u00e0 recruter les comp\u00e9tences dot\u00e9es de savoir-faire de gestion de ces techniques, ainsi que sa capacit\u00e9 \u00e0 convaincre un \u00e9lectorat, qui recourt aux r\u00e9seaux sociaux en tant que source d\u2019information sur les candidats.<\/p>\n<p>Concernant les \u00e9lecteurs n\u2019utilisant pas les r\u00e9seaux sociaux directement, cette cat\u00e9gorie d\u2019\u00e9lectorat est influenc\u00e9e par les voisins, les proches et les amis, ce qui r\u00e9duit l\u2019influence des r\u00e9seaux sociaux pour communiquer avec cette cat\u00e9gorie d\u2019\u00e9lecteurs, a-t-il expliqu\u00e9.<\/p>\n<p>En attendant l\u2019apog\u00e9e de la campagne \u00e9lectorale, les diff\u00e9rents partis politiques m\u00e8nent une course contre la montre dans le but d\u2019\u00e9largir le champ de leur campagne afin qu\u2019elle englobe les diff\u00e9rents quartiers de la cit\u00e9 ocre, en combinant entre mode traditionnel des campagnes \u00e9lectorales et l\u2019exploitation des r\u00e9seaux sociaux pour faire connaitre leurs programmes et leurs candidats afin de renforcer le processus d\u00e9mocratique local et r\u00e9gional, et insuffler une nouvelle dynamique \u00e0 l\u2019action politique en vue de surmonter les contraintes \u00e0 caract\u00e8re socio\u00e9conomique.<\/p>\n<p>The post <a rel=\"nofollow\" href=\"http:\/\/www.mapmarrakech.ma\/fr\/des-campagnes-electorales-a-cadence-limitee\/\">Des campagnes \u00e9lectorales \u00e0 cadence \u00ab\u00a0limit\u00e9e\u00a0\u00bb<\/a> appeared first on <a rel=\"nofollow\" href=\"http:\/\/www.mapmarrakech.ma\/fr\">MapMarrakech<\/a>.<\/p>\n<\/div>\n<p>Auteur: Mohammed KOURSI<br \/>\n<a href=\"http:\/\/www.mapmarrakech.ma\/fr\/des-campagnes-electorales-a-cadence-limitee\/\">Cliquez ici pour lire l&rsquo;article depuis sa source.<\/a><\/p>\n","protected":false},"excerpt":{"rendered":"<p>Les candidats m\u00e8nent une course contre la montre avant la fin de cette campagne dans le but d\u2019influencer les \u00e9lecteurs apr\u00e8s avoir d\u00e9croch\u00e9 les accr\u00e9ditations des formations politiques qu\u2019ils repr\u00e9sentent dans l\u2019espoir de remporter le plus grand nombre de si\u00e8ges dans les conseils des communes, des provinces et de la r\u00e9gion. Si les partis politiques [&hellip;]<\/p>\n","protected":false},"author":1788,"featured_media":0,"comment_status":"closed","ping_status":"closed","sticky":false,"template":"","format":"standard","meta":{"fifu_image_url":"http:\/\/www.mapmarrakech.ma\/map\/uploads\/2021\/08\/Elections-1-2.jpg","fifu_image_alt":"Des campagnes \u00e9lectorales \u00e0 cadence \u00ab\u00a0limit\u00e9e\u00a0\u00bb","footnotes":""},"categories":[54,76],"tags":[],"class_list":["post-125642","post","type-post","status-publish","format-standard","hentry","category-maroc","category-regions"],"_links":{"self":[{"href":"https:\/\/linitiative.ca\/International\/wp-json\/wp\/v2\/posts\/125642","targetHints":{"allow":["GET"]}}],"collection":[{"href":"https:\/\/linitiative.ca\/International\/wp-json\/wp\/v2\/posts"}],"about":[{"href":"https:\/\/linitiative.ca\/International\/wp-json\/wp\/v2\/types\/post"}],"author":[{"embeddable":true,"href":"https:\/\/linitiative.ca\/International\/wp-json\/wp\/v2\/users\/1788"}],"replies":[{"embeddable":true,"href":"https:\/\/linitiative.ca\/International\/wp-json\/wp\/v2\/comments?post=125642"}],"version-history":[{"count":0,"href":"https:\/\/linitiative.ca\/International\/wp-json\/wp\/v2\/posts\/125642\/revisions"}],"wp:attachment":[{"href":"https:\/\/linitiative.ca\/International\/wp-json\/wp\/v2\/media?parent=125642"}],"wp:term":[{"taxonomy":"category","embeddable":true,"href":"https:\/\/linitiative.ca\/International\/wp-json\/wp\/v2\/categories?post=125642"},{"taxonomy":"post_tag","embeddable":true,"href":"https:\/\/linitiative.ca\/International\/wp-json\/wp\/v2\/tags?post=125642"}],"curies":[{"name":"wp","href":"https:\/\/api.w.org\/{rel}","templated":true}]}}