{"id":125644,"date":"2021-08-31T11:27:23","date_gmt":"2021-08-31T15:27:23","guid":{"rendered":"https:\/\/linitiative.ca\/International\/reunion-sur-loperation-de-vaccination-anti-covid-des-eleves\/"},"modified":"2021-08-31T11:27:23","modified_gmt":"2021-08-31T15:27:23","slug":"reunion-sur-loperation-de-vaccination-anti-covid-des-eleves","status":"publish","type":"post","link":"https:\/\/linitiative.ca\/International\/reunion-sur-loperation-de-vaccination-anti-covid-des-eleves\/","title":{"rendered":"R\u00e9union sur l\u2019op\u00e9ration de vaccination anti-Covid des \u00e9l\u00e8ves"},"content":{"rendered":"<div>\n<div style=\"margin-bottom:20px;\"><img loading=\"lazy\" decoding=\"async\" width=\"750\" height=\"430\" src=\"https:\/\/linitiative.ca\/International\/wp-content\/uploads\/sites\/23\/2021\/08\/direction-provinciale-essaouira-copier-2-1.jpg\" class=\"attachment-post-thumbnail size-post-thumbnail wp-post-image\" alt=\"\" srcset=\"https:\/\/linitiative.ca\/International\/wp-content\/uploads\/sites\/23\/2021\/08\/direction-provinciale-essaouira-copier-2-1.jpg 750w, http:\/\/www.mapmarrakech.ma\/map\/uploads\/2021\/08\/direction-provinciale-essaouira-copier-2-300x172.jpg 300w\" sizes=\"auto, (max-width: 750px) 100vw, 750px\"><\/div>\n<p>Cette rencontre, pr\u00e9sid\u00e9e par le directeur provincial de l\u2019\u00e9ducation nationale, Noureddine El Aoufi Laghzaoui, en pr\u00e9sence du d\u00e9l\u00e9gu\u00e9 provincial de la sant\u00e9, M. Zakaria A\u00eft Lahcen, ainsi que des repr\u00e9sentants du bureau provincial de la F\u00e9d\u00e9ration nationale des associations des parents et tuteurs d\u2019\u00e9l\u00e8ves, du bureau provincial de la Rabita r\u00e9gionale des associations des parents et tuteurs et du bureau provincial de la Rabita de l\u2019enseignement priv\u00e9 au Maroc, a \u00e9t\u00e9 consacr\u00e9e \u00e0 la pr\u00e9sentation du plan d\u2019action provincial, d\u00e9di\u00e9 \u00e0 cette op\u00e9ration, qui d\u00e9marre ce mardi, et des mesures prises pour assurer son succ\u00e8s.<\/p>\n<p>L\u2019accent a \u00e9t\u00e9 aussi mis sur l\u2019importance de l\u2019adh\u00e9sion et de la contribution effective de l\u2019ensemble des intervenants afin de garantir la r\u00e9ussite de cette op\u00e9ration et, partant, garantir une rentr\u00e9e scolaire s\u00fbre et atteindre l\u2019immunit\u00e9 collective.<\/p>\n<p>A noter que 5 centres ont \u00e9t\u00e9 am\u00e9nag\u00e9s par la Direction provinciale de l\u2019Education nationale \u00e0 Essaouira pour garantir le bon d\u00e9roulement de cette op\u00e9ration d\u2019envergure.<\/p>\n<p>Ces centres ont \u00e9t\u00e9 implant\u00e9s dans le lyc\u00e9e qualifiant Mohammed V \u00e0 Essaouira, le lyc\u00e9e qualifiant Araar \u00e0 Ait Daoud, le lyc\u00e9e qualifiant \u00e0 Talmest, le lyc\u00e9e-coll\u00e9gial \u00e0 Tamanar et le lyc\u00e9e qualifiant Prince Moulay Rachid \u00e0 El Hanchane.<\/p>\n<p>Quelque 35.051 \u00e9l\u00e8ves dans les diff\u00e9rents \u00e9tablissements scolaires \u00e0 l\u2019\u00e9chelle de la province devraient b\u00e9n\u00e9ficier de cette vaste op\u00e9ration de vaccination, font ressortir les chiffres de la direction provinciale de l\u2019\u00e9ducation nationale \u00e0 Essaouira.<\/p>\n<p>Selon la m\u00eame source, 15.899 enfants scolaris\u00e9s (12-17 ans) devraient se rendre au centre am\u00e9nag\u00e9 \u00e0 Essaouira pour b\u00e9n\u00e9ficier de la premi\u00e8re dose, 7.606 \u00e0 celui d\u2019El Hanchane, 7.440 \u00e0 Tamanar, 2.746 \u00e0 Ait Daoud et 1.360 \u00e0 Talmest.<\/p>\n<p>Par ailleurs, les dispositifs et les moyens n\u00e9cessaires sur les plans organisationnel et logistique ont \u00e9t\u00e9 mobilis\u00e9s pour garantir le bon d\u00e9roulement de cette op\u00e9ration et l\u2019accueil dans les meilleures conditions des enfants scolaris\u00e9s et de leurs parents ou tuteurs.<\/p>\n<p>The post <a rel=\"nofollow\" href=\"http:\/\/www.mapmarrakech.ma\/fr\/reunion-sur-loperation-de-vaccination-anti-covid-des-eleves\/\">R\u00e9union sur l\u2019op\u00e9ration de vaccination anti-Covid des \u00e9l\u00e8ves<\/a> appeared first on <a rel=\"nofollow\" href=\"http:\/\/www.mapmarrakech.ma\/fr\">MapMarrakech<\/a>.<\/p>\n<\/div>\n<p>Auteur: Mohammed KOURSI<br \/>\n<a href=\"http:\/\/www.mapmarrakech.ma\/fr\/reunion-sur-loperation-de-vaccination-anti-covid-des-eleves\/\">Cliquez ici pour lire l&rsquo;article depuis sa source.<\/a><\/p>\n","protected":false},"excerpt":{"rendered":"<p>Cette rencontre, pr\u00e9sid\u00e9e par le directeur provincial de l\u2019\u00e9ducation nationale, Noureddine El Aoufi Laghzaoui, en pr\u00e9sence du d\u00e9l\u00e9gu\u00e9 provincial de la sant\u00e9, M. Zakaria A\u00eft Lahcen, ainsi que des repr\u00e9sentants du bureau provincial de la F\u00e9d\u00e9ration nationale des associations des parents et tuteurs d\u2019\u00e9l\u00e8ves, du bureau provincial de la Rabita r\u00e9gionale des associations des parents [&hellip;]<\/p>\n","protected":false},"author":1788,"featured_media":0,"comment_status":"closed","ping_status":"closed","sticky":false,"template":"","format":"standard","meta":{"fifu_image_url":"http:\/\/www.mapmarrakech.ma\/map\/uploads\/2021\/08\/direction-provinciale-essaouira-copier-2.jpg","fifu_image_alt":"R\u00e9union sur l\u2019op\u00e9ration de vaccination anti-Covid des \u00e9l\u00e8ves","footnotes":""},"categories":[54,76],"tags":[],"class_list":["post-125644","post","type-post","status-publish","format-standard","hentry","category-maroc","category-regions"],"_links":{"self":[{"href":"https:\/\/linitiative.ca\/International\/wp-json\/wp\/v2\/posts\/125644","targetHints":{"allow":["GET"]}}],"collection":[{"href":"https:\/\/linitiative.ca\/International\/wp-json\/wp\/v2\/posts"}],"about":[{"href":"https:\/\/linitiative.ca\/International\/wp-json\/wp\/v2\/types\/post"}],"author":[{"embeddable":true,"href":"https:\/\/linitiative.ca\/International\/wp-json\/wp\/v2\/users\/1788"}],"replies":[{"embeddable":true,"href":"https:\/\/linitiative.ca\/International\/wp-json\/wp\/v2\/comments?post=125644"}],"version-history":[{"count":0,"href":"https:\/\/linitiative.ca\/International\/wp-json\/wp\/v2\/posts\/125644\/revisions"}],"wp:attachment":[{"href":"https:\/\/linitiative.ca\/International\/wp-json\/wp\/v2\/media?parent=125644"}],"wp:term":[{"taxonomy":"category","embeddable":true,"href":"https:\/\/linitiative.ca\/International\/wp-json\/wp\/v2\/categories?post=125644"},{"taxonomy":"post_tag","embeddable":true,"href":"https:\/\/linitiative.ca\/International\/wp-json\/wp\/v2\/tags?post=125644"}],"curies":[{"name":"wp","href":"https:\/\/api.w.org\/{rel}","templated":true}]}}