{"id":125646,"date":"2021-08-31T11:42:57","date_gmt":"2021-08-31T15:42:57","guid":{"rendered":"https:\/\/linitiative.ca\/International\/demarrage-de-la-campagne-de-vaccination-anti-covid-19-des-eleves\/"},"modified":"2021-08-31T11:42:57","modified_gmt":"2021-08-31T15:42:57","slug":"demarrage-de-la-campagne-de-vaccination-anti-covid-19-des-eleves","status":"publish","type":"post","link":"https:\/\/linitiative.ca\/International\/demarrage-de-la-campagne-de-vaccination-anti-covid-19-des-eleves\/","title":{"rendered":"D\u00e9marrage de la campagne de vaccination anti-Covid-19 des \u00e9l\u00e8ves"},"content":{"rendered":"<div>\n<div style=\"margin-bottom:20px;\"><img loading=\"lazy\" decoding=\"async\" width=\"750\" height=\"430\" src=\"https:\/\/linitiative.ca\/International\/wp-content\/uploads\/sites\/23\/2021\/08\/vaccination-C3A9lC3A8ves.jpg\" class=\"attachment-post-thumbnail size-post-thumbnail wp-post-image\" alt=\"\" srcset=\"https:\/\/linitiative.ca\/International\/wp-content\/uploads\/sites\/23\/2021\/08\/vaccination-C3A9lC3A8ves.jpg 750w, http:\/\/www.mapmarrakech.ma\/map\/uploads\/2021\/08\/vaccination-\u00e9l\u00e8ves-300x172.jpg 300w\" sizes=\"auto, (max-width: 750px) 100vw, 750px\"><\/div>\n<p>Plac\u00e9e sous le signe \u00ab\u00a0Vacciner mes enfants, les prot\u00e9ger et prot\u00e9ger ma famille et leur permettre de poursuivre leur scolarit\u00e9 en s\u00e9curit\u00e9\u00a0\u00bb, cette campagne vise \u00e0 garantir les conditions id\u00e9ales pour l\u2019apprentissage \u00e0 travers l\u2019acc\u00e9l\u00e9ration de l\u2019op\u00e9ration nationale de vaccination anti-Covid-19.<\/p>\n<p>Au niveau de la cit\u00e9 ocre, l\u2019Acad\u00e9mie R\u00e9gionale de l\u2019Education et de la Formation (AREF) de\u00a0Marrakech-Safi a am\u00e9nag\u00e9 06 centres de vaccination dans les lyc\u00e9es qualifiants \u00ab\u00a0Hassan II\u00a0\u00bb, \u00ab\u00a0Prince Moulay El Hassan\u00a0\u00bb, \u00ab\u00a0la Marche Verte\u00a0\u00bb, \u00ab\u00a0Sidi Youssef Ben Ali\u00a0\u00bb, \u00ab\u00a0Fatima Mernissi\u00a0\u00bb et \u00ab\u00a0Dar Tounsi\u00a0\u00bb, s\u00e9lectionn\u00e9s, du fait qu\u2019ils disposent de grands espaces d\u00e9di\u00e9s \u00e0 l\u2019accueil, \u00e0 l\u2019enregistrement et \u00e0 la vaccination des \u00e9l\u00e8ves, ainsi que d\u2019autres salles de repos et de contr\u00f4le post-vaccination.<\/p>\n<p>Dans une d\u00e9claration \u00e0 M24, la cha\u00eene t\u00e9l\u00e9vis\u00e9e d\u2019information en continu de la MAP, le directeur de l\u2019AREF\u00a0Marrakech-Safi, M. Ahmed Karimi, a indiqu\u00e9 que la campagne de vaccination des \u00e9l\u00e8ves contre la Covid-19 a \u00e9t\u00e9 pr\u00e9c\u00e9d\u00e9e par de grands pr\u00e9paratifs des Centres d\u00e9di\u00e9s \u00e0 cette op\u00e9ration, relevant que le nombre de vaccinodromes scolaires au niveau r\u00e9gional s\u2019\u00e9l\u00e8ve \u00e0 43 centres d\u00e9di\u00e9s \u00e0 la vaccination de 429.123 \u00e9l\u00e8ves, soit un taux de 24.000 \u00e9l\u00e8ves par jour.<\/p>\n<p>Dans ce cadre, il a indiqu\u00e9 que la coordination \u00e9troite entre les autorit\u00e9s locales et les services de sant\u00e9 a permis de fournir les moyens logistiques n\u00e9cessaires, dont les tablettes \u00e9lectroniques pour l\u2019enregistrement, les structures d\u2019accueil susceptibles de garantir la r\u00e9ussite de cette op\u00e9ration d\u2019envergure, relevant que cette op\u00e9ration se d\u00e9roule dans de bonnes conditions aux niveaux de la pr\u00e9fecture de\u00a0Marrakech\u00a0et des autres provinces de la r\u00e9gion.<\/p>\n<p>Dans ce contexte, M. Karimi a tenu \u00e0 rappeler que cette campagne vise \u00e0 prot\u00e9ger les \u00e9l\u00e8ves et le milieu scolaire contre la propagation du nouveau coronavirus (Covid-19) et de favoriser les conditions appropri\u00e9es \u00e0 un parcours scolaire \u00ab\u00a0stable\u00a0\u00bb.<\/p>\n<p>De son c\u00f4t\u00e9, la responsable du centre de vaccination implant\u00e9 au sein du lyc\u00e9e qualifiant \u00ab\u00a0Hassan II\u00a0\u00bb, Mme Asmae Hajjaji a indiqu\u00e9 que le minist\u00e8re de la sant\u00e9 a mobilis\u00e9 ses ressources humaines et \u00e9quipements m\u00e9dicaux pour garantir la r\u00e9ussite de cette op\u00e9ration de vaccination anti-Covid-19 au profit des \u00e9l\u00e8ves de 12-17 ans, mettant en relief la collaboration \u00e9troite dans le cadre de cette op\u00e9ration , entre le minist\u00e8re de la sant\u00e9 et celui de l\u2019\u00e9ducation nationale, l\u2019enseignement sup\u00e9rieur et la recherche scientifique.<\/p>\n<p>Dans une d\u00e9claration similaire, Mme Hajjaji, a indiqu\u00e9 que le vaccinodrome Hassan II propose le vaccin \u00ab\u00a0Pfizer\u00a0\u00bb, alors que le vaccin Sinopharm est disponible dans les autres centres de vaccination, faisant remarquer que l\u2019op\u00e9ration se d\u00e9roule dans d\u2019excellentes conditions gr\u00e2ce \u00e0 la forte adh\u00e9sion des \u00e9l\u00e8ves et de leurs parents.<\/p>\n<p>Quelque 429.123 \u00e9l\u00e8ves issus des \u00e9tablissements scolaires publics et priv\u00e9s, des missions, des centres d\u2019\u00e9ducation non-formelle et des centres de la deuxi\u00e8me chance-nouvelle g\u00e9n\u00e9ration vont b\u00e9n\u00e9ficier de cette campagne dans le cadre du plan r\u00e9gional de vaccination anti-Covid-19 mis en place par l\u2019AREF de\u00a0Marrakech-Safi, rappelle-t-on.<\/p>\n<p>The post <a rel=\"nofollow\" href=\"http:\/\/www.mapmarrakech.ma\/fr\/demarrage-de-la-campagne-de-vaccination-anti-covid-19-des-eleves\/\">D\u00e9marrage de la campagne de vaccination anti-Covid-19 des \u00e9l\u00e8ves<\/a> appeared first on <a rel=\"nofollow\" href=\"http:\/\/www.mapmarrakech.ma\/fr\">MapMarrakech<\/a>.<\/p>\n<\/div>\n<p>Auteur: Mohammed KOURSI<br \/>\n<a href=\"http:\/\/www.mapmarrakech.ma\/fr\/demarrage-de-la-campagne-de-vaccination-anti-covid-19-des-eleves\/\">Cliquez ici pour lire l&rsquo;article depuis sa source.<\/a><\/p>\n","protected":false},"excerpt":{"rendered":"<p>Plac\u00e9e sous le signe \u00ab\u00a0Vacciner mes enfants, les prot\u00e9ger et prot\u00e9ger ma famille et leur permettre de poursuivre leur scolarit\u00e9 en s\u00e9curit\u00e9\u00a0\u00bb, cette campagne vise \u00e0 garantir les conditions id\u00e9ales pour l\u2019apprentissage \u00e0 travers l\u2019acc\u00e9l\u00e9ration de l\u2019op\u00e9ration nationale de vaccination anti-Covid-19. Au niveau de la cit\u00e9 ocre, l\u2019Acad\u00e9mie R\u00e9gionale de l\u2019Education et de la Formation [&hellip;]<\/p>\n","protected":false},"author":1788,"featured_media":0,"comment_status":"closed","ping_status":"closed","sticky":false,"template":"","format":"standard","meta":{"fifu_image_url":"http:\/\/www.mapmarrakech.ma\/map\/uploads\/2021\/08\/vaccination-\u00e9l\u00e8ves.jpg","fifu_image_alt":"D\u00e9marrage de la campagne de vaccination anti-Covid-19 des \u00e9l\u00e8ves","footnotes":""},"categories":[54,76],"tags":[],"class_list":["post-125646","post","type-post","status-publish","format-standard","hentry","category-maroc","category-regions"],"_links":{"self":[{"href":"https:\/\/linitiative.ca\/International\/wp-json\/wp\/v2\/posts\/125646","targetHints":{"allow":["GET"]}}],"collection":[{"href":"https:\/\/linitiative.ca\/International\/wp-json\/wp\/v2\/posts"}],"about":[{"href":"https:\/\/linitiative.ca\/International\/wp-json\/wp\/v2\/types\/post"}],"author":[{"embeddable":true,"href":"https:\/\/linitiative.ca\/International\/wp-json\/wp\/v2\/users\/1788"}],"replies":[{"embeddable":true,"href":"https:\/\/linitiative.ca\/International\/wp-json\/wp\/v2\/comments?post=125646"}],"version-history":[{"count":0,"href":"https:\/\/linitiative.ca\/International\/wp-json\/wp\/v2\/posts\/125646\/revisions"}],"wp:attachment":[{"href":"https:\/\/linitiative.ca\/International\/wp-json\/wp\/v2\/media?parent=125646"}],"wp:term":[{"taxonomy":"category","embeddable":true,"href":"https:\/\/linitiative.ca\/International\/wp-json\/wp\/v2\/categories?post=125646"},{"taxonomy":"post_tag","embeddable":true,"href":"https:\/\/linitiative.ca\/International\/wp-json\/wp\/v2\/tags?post=125646"}],"curies":[{"name":"wp","href":"https:\/\/api.w.org\/{rel}","templated":true}]}}