{"id":125648,"date":"2021-08-30T15:55:28","date_gmt":"2021-08-30T19:55:28","guid":{"rendered":"https:\/\/linitiative.ca\/International\/oriental-39-centres-de-vaccination-anti-covid-amenages-pour-les-eleves\/"},"modified":"2021-08-30T15:55:28","modified_gmt":"2021-08-30T19:55:28","slug":"oriental-39-centres-de-vaccination-anti-covid-amenages-pour-les-eleves","status":"publish","type":"post","link":"https:\/\/linitiative.ca\/International\/oriental-39-centres-de-vaccination-anti-covid-amenages-pour-les-eleves\/","title":{"rendered":"Oriental : 39 centres de vaccination anti-Covid am\u00e9nag\u00e9s pour les \u00e9l\u00e8ves"},"content":{"rendered":"<div>\n<div style=\"margin-bottom:20px;\"><img loading=\"lazy\" decoding=\"async\" width=\"750\" height=\"430\" src=\"https:\/\/linitiative.ca\/International\/wp-content\/uploads\/sites\/23\/2021\/08\/CC3A9rC3A9monie-de-lancement-de-la-vaccination-des-professionnels-de-la-santC3A9-750C397430-MAP-1.jpg\" class=\"attachment-post-thumbnail size-post-thumbnail wp-post-image\" alt=\"\" srcset=\"https:\/\/linitiative.ca\/International\/wp-content\/uploads\/sites\/23\/2021\/08\/CC3A9rC3A9monie-de-lancement-de-la-vaccination-des-professionnels-de-la-santC3A9-750C397430-MAP-1.jpg 750w, http:\/\/www.mapoujda.ma\/map\/uploads\/2021\/08\/C\u00e9r\u00e9monie-de-lancement-de-la-vaccination-des-professionnels-de-la-sant\u00e9-750\u00d7430-MAP-300x172.jpg 300w\" sizes=\"auto, (max-width: 750px) 100vw, 750px\"><\/div>\n<div>\n<p style=\"text-align: justify;\">Un total de 39 centres de vaccination contre la Covid-19 ont \u00e9t\u00e9 am\u00e9nag\u00e9s par l\u2019Acad\u00e9mie r\u00e9gionale de l\u2019\u00e9ducation et de la formation (AREF) de l\u2019Oriental, en vue de vacciner plus de 188.000 \u00e9l\u00e8ves \u00e2g\u00e9s de 12 \u00e0 17 ans au niveau de la r\u00e9gion.<\/p>\n<p style=\"text-align: justify;\">Ces centres r\u00e9unissent les conditions n\u00e9cessaires pour assurer le succ\u00e8s de cette op\u00e9ration, qui d\u00e9bute mardi 31 ao\u00fbt, affirme un communiqu\u00e9 de l\u2019AREF, pr\u00e9cisant que l\u2019Acad\u00e9mie a mobilis\u00e9 plus de 250 cadres \u00e9ducatifs et administratifs et 104 cadres m\u00e9dicaux, en plus des cadres de soutien n\u00e9cessaires \u00e0 la supervision de cette op\u00e9ration.<\/p>\n<p style=\"text-align: justify;\">Les centres de vaccination sont r\u00e9partis sur la pr\u00e9fecture d\u2019Oujda-Angad (4 centres) et les provinces de Berkane (4), Nador (5), Driouch (7), Guercif (7), Taourirt (2), Jerada (4) et Figuig (6), pr\u00e9cise la m\u00eame source, ajoutant que cette op\u00e9ration est men\u00e9e en coordination totale avec les autorit\u00e9s territoriales et sanitaires.<\/p>\n<p style=\"text-align: justify;\">L\u2019AREF exhorte les parents et tuteurs d\u2019\u00e9l\u00e8ves \u00e0 accompagner leurs enfants \u00e0 l\u2019\u00e9tablissement consacr\u00e9 \u00e0 cette op\u00e9ration le plus proche de leur lieu de r\u00e9sidence, en vue de recevoir la premi\u00e8re dose du vaccin \u00e0 partir du 31 ao\u00fbt.<\/p>\n<p style=\"text-align: justify;\">L\u2019adh\u00e9sion massive \u00e0 cette op\u00e9ration importante permettra de prot\u00e9ger les \u00e9l\u00e8ves et leurs familles et de garantir la poursuite des \u00e9tudes dans de bonnes conditions de s\u00e9curit\u00e9 sanitaire, rel\u00e8ve le communiqu\u00e9, tout en rappelant l\u2019obligation de respecter les mesures pr\u00e9ventives recommand\u00e9es par les autorit\u00e9s sanitaires.<\/p>\n<p style=\"text-align: justify;\">Cette action s\u2019inscrit dans le cadre de la vaste op\u00e9ration de vaccination qui va b\u00e9n\u00e9ficier aux \u00e9l\u00e8ves d\u2019enseignement public et priv\u00e9 et des \u00e9coles des missions \u00e9trang\u00e8res, afin de garantir des conditions s\u00fbres pour le d\u00e9marrage de l\u2019ann\u00e9e scolaire 2021-2022 avec l\u2019impact qui en d\u00e9coule en termes notamment de qualit\u00e9 d\u2019apprentissage.<\/p>\n<\/div>\n<p>L\u2019article <a rel=\"nofollow\" href=\"http:\/\/www.mapoujda.ma\/fr\/oriental-39-centres-de-vaccination-anti-covid-amenages-pour-les-eleves\/\">Oriental : 39 centres de vaccination anti-Covid am\u00e9nag\u00e9s pour les \u00e9l\u00e8ves<\/a> est apparu en premier sur <a rel=\"nofollow\" href=\"http:\/\/www.mapoujda.ma\/fr\">MapOujda<\/a>.<\/p>\n<\/div>\n<p>Auteur: Soufiane ELAHMAR<br \/>\n<a href=\"http:\/\/www.mapoujda.ma\/fr\/oriental-39-centres-de-vaccination-anti-covid-amenages-pour-les-eleves\/\">Cliquez ici pour lire l&rsquo;article depuis sa source.<\/a><\/p>\n","protected":false},"excerpt":{"rendered":"<p>Un total de 39 centres de vaccination contre la Covid-19 ont \u00e9t\u00e9 am\u00e9nag\u00e9s par l\u2019Acad\u00e9mie r\u00e9gionale de l\u2019\u00e9ducation et de la formation (AREF) de l\u2019Oriental, en vue de vacciner plus de 188.000 \u00e9l\u00e8ves \u00e2g\u00e9s de 12 \u00e0 17 ans au niveau de la r\u00e9gion. Ces centres r\u00e9unissent les conditions n\u00e9cessaires pour assurer le succ\u00e8s de [&hellip;]<\/p>\n","protected":false},"author":1788,"featured_media":0,"comment_status":"closed","ping_status":"closed","sticky":false,"template":"","format":"standard","meta":{"fifu_image_url":"http:\/\/www.mapoujda.ma\/map\/uploads\/2021\/08\/C\u00e9r\u00e9monie-de-lancement-de-la-vaccination-des-professionnels-de-la-sant\u00e9-750\u00d7430-MAP.jpg","fifu_image_alt":"Oriental : 39 centres de vaccination anti-Covid am\u00e9nag\u00e9s pour les \u00e9l\u00e8ves","footnotes":""},"categories":[54,76],"tags":[],"class_list":["post-125648","post","type-post","status-publish","format-standard","hentry","category-maroc","category-regions"],"_links":{"self":[{"href":"https:\/\/linitiative.ca\/International\/wp-json\/wp\/v2\/posts\/125648","targetHints":{"allow":["GET"]}}],"collection":[{"href":"https:\/\/linitiative.ca\/International\/wp-json\/wp\/v2\/posts"}],"about":[{"href":"https:\/\/linitiative.ca\/International\/wp-json\/wp\/v2\/types\/post"}],"author":[{"embeddable":true,"href":"https:\/\/linitiative.ca\/International\/wp-json\/wp\/v2\/users\/1788"}],"replies":[{"embeddable":true,"href":"https:\/\/linitiative.ca\/International\/wp-json\/wp\/v2\/comments?post=125648"}],"version-history":[{"count":0,"href":"https:\/\/linitiative.ca\/International\/wp-json\/wp\/v2\/posts\/125648\/revisions"}],"wp:attachment":[{"href":"https:\/\/linitiative.ca\/International\/wp-json\/wp\/v2\/media?parent=125648"}],"wp:term":[{"taxonomy":"category","embeddable":true,"href":"https:\/\/linitiative.ca\/International\/wp-json\/wp\/v2\/categories?post=125648"},{"taxonomy":"post_tag","embeddable":true,"href":"https:\/\/linitiative.ca\/International\/wp-json\/wp\/v2\/tags?post=125648"}],"curies":[{"name":"wp","href":"https:\/\/api.w.org\/{rel}","templated":true}]}}