{"id":125650,"date":"2021-08-31T09:11:57","date_gmt":"2021-08-31T13:11:57","guid":{"rendered":"https:\/\/linitiative.ca\/International\/la-plateforme-des-jeunes-doujda-angad-un-acquis-pour-lorientation-et-le-renforcement-des-competences\/"},"modified":"2021-08-31T09:11:57","modified_gmt":"2021-08-31T13:11:57","slug":"la-plateforme-des-jeunes-doujda-angad-un-acquis-pour-lorientation-et-le-renforcement-des-competences","status":"publish","type":"post","link":"https:\/\/linitiative.ca\/International\/la-plateforme-des-jeunes-doujda-angad-un-acquis-pour-lorientation-et-le-renforcement-des-competences\/","title":{"rendered":"La Plateforme des jeunes d\u2019Oujda-Angad, un acquis pour l\u2019orientation et le renforcement des comp\u00e9tences"},"content":{"rendered":"<div>\n<div style=\"margin-bottom:20px;\"><img loading=\"lazy\" decoding=\"async\" width=\"750\" height=\"430\" src=\"https:\/\/linitiative.ca\/International\/wp-content\/uploads\/sites\/23\/2021\/08\/Inauguration-dune-plateforme-des-jeunes-750C397430-MAP.jpg\" class=\"attachment-post-thumbnail size-post-thumbnail wp-post-image\" alt=\"\" srcset=\"https:\/\/linitiative.ca\/International\/wp-content\/uploads\/sites\/23\/2021\/08\/Inauguration-dune-plateforme-des-jeunes-750C397430-MAP.jpg 750w, http:\/\/www.mapoujda.ma\/map\/uploads\/2021\/08\/Inauguration-dune-plateforme-des-jeunes-750\u00d7430-MAP-300x172.jpg 300w\" sizes=\"auto, (max-width: 750px) 100vw, 750px\"><\/div>\n<p style=\"text-align: justify;\">La Plateforme des jeunes d\u2019Oujda-Angad, r\u00e9alis\u00e9e dans le cadre de la 3\u00e8me phase de l\u2019Initiative nationale pour le d\u00e9veloppement humain (INDH), constitue un acquis de grande importance pour orienter et renforcer les comp\u00e9tences des jeunes, en plus d\u2019am\u00e9liorer leur employabilit\u00e9 et promouvoir l\u2019esprit d\u2019entrepreneuriat aupr\u00e8s de cette cat\u00e9gorie.<\/p>\n<p style=\"text-align: justify;\">La Plateforme, inaugur\u00e9e en septembre 2020, fait office de carrefour d\u2019interaction entre l\u2019ensemble des programmes mis en \u0153uvre par les diff\u00e9rents intervenants dans le domaine de l\u2019int\u00e9gration des jeunes, offrant des espaces d\u2019\u00e9coute, d\u2019orientation, d\u2019accompagnement et de soutien de l\u2019esprit d\u2019entrepreneuriat et de l\u2019\u00e9conomie sociale et solidaire.<\/p>\n<p style=\"text-align: justify;\">Karim Bendimia, chef de service \u00e0 la Division de l\u2019action sociale \u00e0 la Wilaya de l\u2019Oriental, a indiqu\u00e9 que la cr\u00e9ation de cette plateforme s\u2019inscrit dans le cadre de l\u2019application des programmes de la 3\u00e8me phase de l\u2019INDH, lanc\u00e9e par SM le Roi Mohammed VI le 29 juillet 2018.<\/p>\n<p style=\"text-align: justify;\">Dans une d\u00e9claration \u00e0 la MAP, M. Bendimia a pr\u00e9cis\u00e9 que cette 3\u00e8me phase s\u2019articule autour de quatre programmes, dont le programme consacr\u00e9 \u00e0 l\u2019am\u00e9lioration du revenu et l\u2019inclusion \u00e9conomique des jeunes, qui porte sur plusieurs actions, notamment la cr\u00e9ation des plateformes des jeunes.<\/p>\n<p style=\"text-align: justify;\">Durant la p\u00e9riode 2020-2021, quelque 38 porteurs de projets, dont des coop\u00e9ratives, des soci\u00e9t\u00e9s et des auto-entrepreneurs, ont b\u00e9n\u00e9fici\u00e9 de financement \u00e0 travers la Plateforme d\u2019Oujda-Angad pour un montant global de pr\u00e8s de 4 millions de dirhams, en plus de 28 autres projets b\u00e9n\u00e9ficiaires du concours d\u2019id\u00e9es lanc\u00e9 r\u00e9cemment, a-t-il affirm\u00e9.<\/p>\n<p style=\"text-align: justify;\">Avant la fin de cette ann\u00e9e, d\u2019autres concours d\u2019id\u00e9es doivent \u00eatre annonc\u00e9s pour apporter un appui \u00e0 des projets suppl\u00e9mentaires, a relev\u00e9 M. Bendimia.<\/p>\n<p style=\"text-align: justify;\">De son c\u00f4t\u00e9, Wafae Cha\u00e2bani, responsable de la soci\u00e9t\u00e9 qui g\u00e8re cette Plateforme des jeunes, a soulign\u00e9 que cette structure, ayant pour finalit\u00e9 d\u2019accompagner les jeunes pour la cr\u00e9ation de projets et l\u2019acc\u00e8s au march\u00e9 de l\u2019emploi, a accueilli, depuis sa cr\u00e9ation, un total de 2.371 jeunes.<\/p>\n<p style=\"text-align: justify;\">Le p\u00f4le de l\u2019entrepreneuriat et des activit\u00e9s \u00e9conomiques a accueilli \u00e0 lui seul 1.519 jeunes dont 139 ont b\u00e9n\u00e9fici\u00e9 de l\u2019accompagnement jusqu\u2019\u00e0 pr\u00e9sent, 45 ayant \u00e9t\u00e9 assist\u00e9s pour la cr\u00e9ation de leurs projets selon les normes l\u00e9gales et 38 ayant atteint la phase de subvention, a-t-elle pr\u00e9cis\u00e9.<\/p>\n<p style=\"text-align: justify;\">Par ailleurs, 45 projets ont \u00e9t\u00e9 re\u00e7us dans le cadre du premier concours d\u2019id\u00e9es lanc\u00e9 par la plateforme, dont 28 projets ont \u00e9t\u00e9 s\u00e9lectionn\u00e9s jusqu\u2019\u00e0 pr\u00e9sent, alors que d\u2019autres concours similaires seront lanc\u00e9s prochainement, a ajout\u00e9 Mme Cha\u00e2bani.<\/p>\n<p style=\"text-align: justify;\">De m\u00eame, 418 jeunes ont \u00e9t\u00e9 accueillis au niveau du p\u00f4le de d\u00e9veloppement de l\u2019employabilit\u00e9, dont 68 ont b\u00e9n\u00e9fici\u00e9 de l\u2019accompagnement et de la formation pour le renforcement des comp\u00e9tences et 38 ont int\u00e9gr\u00e9 avec succ\u00e8s le march\u00e9 de l\u2019emploi, a-t-elle poursuivi.<\/p>\n<p style=\"text-align: justify;\">La Plateforme des jeunes d\u2019Oujda-Angad entend traduire sur le terrain les objectifs du 3\u00e8me programme de la 3\u00e8me phase de l\u2019INDH, en dotant les jeunes des outils compl\u00e9mentaires permettant de promouvoir l\u2019esprit d\u2019entrepreneuriat en vue d\u2019assurer leur int\u00e9gration socio-\u00e9conomique.<\/p>\n<p style=\"text-align: justify;\">Les jeunes b\u00e9n\u00e9ficient \u00e9galement, \u00e0 travers cette structure, du programme int\u00e9gr\u00e9 d\u2019appui et de financement des entreprises, lanc\u00e9 conform\u00e9ment aux Hautes orientations royales dans le but de surmonter les difficult\u00e9s qui entravent l\u2019acc\u00e8s au financement pour les jeunes porteurs de projets et d\u2019id\u00e9es de projets, et les PME.<\/p>\n<p style=\"text-align: justify;\">Dans ce sens, Alaeddine El Amrani, repr\u00e9sentant d\u2019une coop\u00e9rative op\u00e9rant dans le secteur de l\u2019impression et de la publicit\u00e9, a salu\u00e9 l\u2019apport b\u00e9n\u00e9fique de la 3\u00e8me phase de l\u2019INDH, qui a permis \u00e0 cette coop\u00e9rative de b\u00e9n\u00e9ficier d\u2019un soutien financier utilis\u00e9 pour acqu\u00e9rir le mat\u00e9riel et outils n\u00e9cessaires pour d\u00e9velopper les m\u00e9thodes de fonctionnement et assurer de bonnes conditions de travail.<\/p>\n<p style=\"text-align: justify;\">Gr\u00e2ce \u00e0 l\u2019INDH, cette coop\u00e9rative a pu aussi cr\u00e9er une nouvelle unit\u00e9 qui permettra un meilleur accueil des clients et une meilleure qualit\u00e9 des services, a-t-il not\u00e9.<\/p>\n<p style=\"text-align: justify;\">Soumia Abbassi, auto-entrepreneure qui a b\u00e9n\u00e9fici\u00e9 \u00e0 son tour du soutien de l\u2019INDH, a affirm\u00e9 que cet appui a eu pour effet de d\u00e9velopper son petit projet qui consiste en le nettoyage et la pr\u00e9paration des l\u00e9gumes et leur vente avec livraison \u00e0 domicile, confiant qu\u2019elle ambitionne de d\u00e9velopper encore plus son projet qui porte aussi sur la pr\u00e9paration de plats traditionnels et modernes.<\/p>\n<p style=\"text-align: justify;\">La Plateforme des jeunes d\u2019Oujda-Angad se fixe pour objectif de renforcer les opportunit\u00e9s d\u2019emploi et d\u2019int\u00e9gration \u00e9conomique de 800 jeunes par an, avec en plus la cr\u00e9ation de 25 projets chaque ann\u00e9e, tout en contribuant \u00e0 assurer leur durabilit\u00e9.<\/p>\n<p>L\u2019article <a rel=\"nofollow\" href=\"http:\/\/www.mapoujda.ma\/fr\/la-plateforme-des-jeunes-doujda-angad-un-acquis-pour-lorientation-et-le-renforcement-des-competences\/\">La Plateforme des jeunes d\u2019Oujda-Angad, un acquis pour l\u2019orientation et le renforcement des comp\u00e9tences<\/a> est apparu en premier sur <a rel=\"nofollow\" href=\"http:\/\/www.mapoujda.ma\/fr\">MapOujda<\/a>.<\/p>\n<\/div>\n<p>Auteur: Soufiane ELAHMAR<br \/>\n<a href=\"http:\/\/www.mapoujda.ma\/fr\/la-plateforme-des-jeunes-doujda-angad-un-acquis-pour-lorientation-et-le-renforcement-des-competences\/\">Cliquez ici pour lire l&rsquo;article depuis sa source.<\/a><\/p>\n","protected":false},"excerpt":{"rendered":"<p>La Plateforme des jeunes d\u2019Oujda-Angad, r\u00e9alis\u00e9e dans le cadre de la 3\u00e8me phase de l\u2019Initiative nationale pour le d\u00e9veloppement humain (INDH), constitue un acquis de grande importance pour orienter et renforcer les comp\u00e9tences des jeunes, en plus d\u2019am\u00e9liorer leur employabilit\u00e9 et promouvoir l\u2019esprit d\u2019entrepreneuriat aupr\u00e8s de cette cat\u00e9gorie. La Plateforme, inaugur\u00e9e en septembre 2020, fait [&hellip;]<\/p>\n","protected":false},"author":1788,"featured_media":0,"comment_status":"closed","ping_status":"closed","sticky":false,"template":"","format":"standard","meta":{"fifu_image_url":"http:\/\/www.mapoujda.ma\/map\/uploads\/2021\/08\/Inauguration-dune-plateforme-des-jeunes-750\u00d7430-MAP.jpg","fifu_image_alt":"La Plateforme des jeunes d\u2019Oujda-Angad, un acquis pour l\u2019orientation et le renforcement des comp\u00e9tences","footnotes":""},"categories":[54,76],"tags":[],"class_list":["post-125650","post","type-post","status-publish","format-standard","hentry","category-maroc","category-regions"],"_links":{"self":[{"href":"https:\/\/linitiative.ca\/International\/wp-json\/wp\/v2\/posts\/125650","targetHints":{"allow":["GET"]}}],"collection":[{"href":"https:\/\/linitiative.ca\/International\/wp-json\/wp\/v2\/posts"}],"about":[{"href":"https:\/\/linitiative.ca\/International\/wp-json\/wp\/v2\/types\/post"}],"author":[{"embeddable":true,"href":"https:\/\/linitiative.ca\/International\/wp-json\/wp\/v2\/users\/1788"}],"replies":[{"embeddable":true,"href":"https:\/\/linitiative.ca\/International\/wp-json\/wp\/v2\/comments?post=125650"}],"version-history":[{"count":0,"href":"https:\/\/linitiative.ca\/International\/wp-json\/wp\/v2\/posts\/125650\/revisions"}],"wp:attachment":[{"href":"https:\/\/linitiative.ca\/International\/wp-json\/wp\/v2\/media?parent=125650"}],"wp:term":[{"taxonomy":"category","embeddable":true,"href":"https:\/\/linitiative.ca\/International\/wp-json\/wp\/v2\/categories?post=125650"},{"taxonomy":"post_tag","embeddable":true,"href":"https:\/\/linitiative.ca\/International\/wp-json\/wp\/v2\/tags?post=125650"}],"curies":[{"name":"wp","href":"https:\/\/api.w.org\/{rel}","templated":true}]}}