{"id":125652,"date":"2021-08-31T11:33:42","date_gmt":"2021-08-31T15:33:42","guid":{"rendered":"https:\/\/linitiative.ca\/International\/lepidemie-en-phase-descendante-apres-le-pic-atteint-vers-la-mi-aout\/"},"modified":"2021-08-31T11:33:42","modified_gmt":"2021-08-31T15:33:42","slug":"lepidemie-en-phase-descendante-apres-le-pic-atteint-vers-la-mi-aout","status":"publish","type":"post","link":"https:\/\/linitiative.ca\/International\/lepidemie-en-phase-descendante-apres-le-pic-atteint-vers-la-mi-aout\/","title":{"rendered":"L\u2019\u00e9pid\u00e9mie en phase descendante apr\u00e8s le pic atteint vers la mi-aout"},"content":{"rendered":"<div>\n<div style=\"margin-bottom:20px;\"><img loading=\"lazy\" decoding=\"async\" width=\"750\" height=\"430\" src=\"https:\/\/linitiative.ca\/International\/wp-content\/uploads\/sites\/23\/2021\/08\/Abdelkrim-Meziane-Belfquih-sE28099exprime-au-cours-de-la-prC3A9sentation-du-bilan-bimensuel-de-la-situation-C3A9pidC3A9miologique-du-Covid-19-750430.jpg\" class=\"attachment-post-thumbnail size-post-thumbnail wp-post-image\" alt=\"\" srcset=\"https:\/\/linitiative.ca\/International\/wp-content\/uploads\/sites\/23\/2021\/08\/Abdelkrim-Meziane-Belfquih-sE28099exprime-au-cours-de-la-prC3A9sentation-du-bilan-bimensuel-de-la-situation-C3A9pidC3A9miologique-du-Covid-19-750430.jpg 750w, http:\/\/www.mapoujda.ma\/map\/uploads\/2021\/08\/Abdelkrim-Meziane-Belfquih-s\u2019exprime-au-cours-de-la-pr\u00e9sentation-du-bilan-bimensuel-de-la-situation-\u00e9pid\u00e9miologique-du-Covid-19-750430-300x172.jpg 300w\" sizes=\"auto, (max-width: 750px) 100vw, 750px\"><\/div>\n<p style=\"text-align: justify;\">La vague \u00e9pid\u00e9mique de Covid-19 est en pleine phase descendante au Maroc apr\u00e8s le pic atteint vers la mi-aout, a indiqu\u00e9 mardi le minist\u00e8re de la Sant\u00e9.<\/p>\n<p style=\"text-align: justify;\">L\u2019\u00e9tude des donn\u00e9es disponibles montrent que \u00ab\u00a0la courbe de l\u2019\u00e9pid\u00e9mie est entr\u00e9e dans une phase descendante apr\u00e8s une \u00e9tape de flamb\u00e9e des cas pendant cinq semaines, avant d\u2019atteindre un pic avant la mi-ao\u00fbt 2021\u00a0\u00bb, a d\u00e9clar\u00e9 le chef de la division des maladies transmissibles au minist\u00e8re, Abdelkrim Meziane Bellefquih qui pr\u00e9sentait le bilan bimensuel (17-30 ao\u00fbt) de la situation \u00e9pid\u00e9mique.<\/p>\n<p style=\"text-align: justify;\">La phase actuelle, encore \u00e0 ses d\u00e9buts, sera suivie d\u2019une autre marqu\u00e9e par la baisse des cas critiques et de d\u00e9c\u00e8s, a ajout\u00e9 le responsable. Durant les deux derni\u00e8res semaines, a-t-il expliqu\u00e9, le Royaume a connu une baisse des cas d\u2019infection au virus dont le nombre hebdomadaire est pass\u00e9 de 63.174 \u00e0 la mi-ao\u00fbt \u00e0 42.424 \u00e0 la fin de ce mois, soit une diminution de 17,6 %.<\/p>\n<p style=\"text-align: justify;\">Quant au taux de reproduction, il s\u2019est stabilis\u00e9 en dessous de 1 pour la troisi\u00e8me semaine cons\u00e9cutive, confirmant ainsi l\u2019amorce de la courbe descendante du point de vue des cas positifs\u00a0\u00bb, a poursuivi M. Bellefquih.<\/p>\n<p style=\"text-align: justify;\">Aussi, le taux de positivit\u00e9 a enregistr\u00e9 une baisse consid\u00e9rable en passant de 23 \u00e0 18 %, a relev\u00e9 le responsable, notant que la r\u00e9gion de l\u2019Oriental conna\u00eet le taux de positivit\u00e9 le plus \u00e9lev\u00e9 (31%), alors que la r\u00e9gion de F\u00e8s-Mekn\u00e8s a enregistr\u00e9 le taux le plus bas (9%).<\/p>\n<p style=\"text-align: justify;\">S\u2019agissant des cas actifs, on en recense pr\u00e8s de 60.000 cas en date du 30 ao\u00fbt, contre 80.000 dans le dernier bilan, soit une baisse effective de 25%.<\/p>\n<p style=\"text-align: justify;\">Les cas sous intubation ont \u00e9galement connu une baisse consid\u00e9rable ces deux derni\u00e8res semaines (-14%), au m\u00eame titre que le nombre de d\u00e9c\u00e8s hebdomadaires, passant de 775 d\u00e9c\u00e8s \u00e0 645 la semaine derni\u00e8re.<\/p>\n<p style=\"text-align: justify;\">Cependant, le nombre de cas graves a enregistr\u00e9 une l\u00e9g\u00e8re augmentation avec 2.389 cas il y a deux semaines, contre 2.537 cas lundi, a soulign\u00e9 M. Bellefquih, expliquant que cette augmentation illustre la pression exerc\u00e9 sur le syst\u00e8me de sant\u00e9 en cette p\u00e9riode.<\/p>\n<p style=\"text-align: justify;\">Il a en outre indiqu\u00e9 que le Maroc a d\u00e9pass\u00e9 les 33 millions d\u2019injections, premi\u00e8re et deuxi\u00e8me doses confondues, rappelant par ailleurs l\u2019\u00e9largissement de la vaccination anti-Covid-19 au profit de la tranche d\u2019\u00e2ge 12-17 ans.<\/p>\n<p style=\"text-align: justify;\">Le minist\u00e8re de la Sant\u00e9 a dans ce contexte exhort\u00e9 les citoyens \u00e0 faire preuve d\u2019un sens \u00e9lev\u00e9 de responsabilit\u00e9 et de vigilance en vue de la pr\u00e9servation des acquis et la pr\u00e9vention de toute recrudescence de la pand\u00e9mie.<\/p>\n<p>L\u2019article <a rel=\"nofollow\" href=\"http:\/\/www.mapoujda.ma\/fr\/lepidemie-en-phase-descendante-apres-le-pic-atteint-vers-la-mi-aout\/\">L\u2019\u00e9pid\u00e9mie en phase descendante apr\u00e8s le pic atteint vers la mi-aout<\/a> est apparu en premier sur <a rel=\"nofollow\" href=\"http:\/\/www.mapoujda.ma\/fr\">MapOujda<\/a>.<\/p>\n<\/div>\n<p>Auteur: Soufiane ELAHMAR<br \/>\n<a href=\"http:\/\/www.mapoujda.ma\/fr\/lepidemie-en-phase-descendante-apres-le-pic-atteint-vers-la-mi-aout\/\">Cliquez ici pour lire l&rsquo;article depuis sa source.<\/a><\/p>\n","protected":false},"excerpt":{"rendered":"<p>La vague \u00e9pid\u00e9mique de Covid-19 est en pleine phase descendante au Maroc apr\u00e8s le pic atteint vers la mi-aout, a indiqu\u00e9 mardi le minist\u00e8re de la Sant\u00e9. L\u2019\u00e9tude des donn\u00e9es disponibles montrent que \u00ab\u00a0la courbe de l\u2019\u00e9pid\u00e9mie est entr\u00e9e dans une phase descendante apr\u00e8s une \u00e9tape de flamb\u00e9e des cas pendant cinq semaines, avant d\u2019atteindre [&hellip;]<\/p>\n","protected":false},"author":1788,"featured_media":0,"comment_status":"closed","ping_status":"closed","sticky":false,"template":"","format":"standard","meta":{"fifu_image_url":"http:\/\/www.mapoujda.ma\/map\/uploads\/2021\/08\/Abdelkrim-Meziane-Belfquih-s\u2019exprime-au-cours-de-la-pr\u00e9sentation-du-bilan-bimensuel-de-la-situation-\u00e9pid\u00e9miologique-du-Covid-19-750430.jpg","fifu_image_alt":"L\u2019\u00e9pid\u00e9mie en phase descendante apr\u00e8s le pic atteint vers la mi-aout","footnotes":""},"categories":[54,76],"tags":[],"class_list":["post-125652","post","type-post","status-publish","format-standard","hentry","category-maroc","category-regions"],"_links":{"self":[{"href":"https:\/\/linitiative.ca\/International\/wp-json\/wp\/v2\/posts\/125652","targetHints":{"allow":["GET"]}}],"collection":[{"href":"https:\/\/linitiative.ca\/International\/wp-json\/wp\/v2\/posts"}],"about":[{"href":"https:\/\/linitiative.ca\/International\/wp-json\/wp\/v2\/types\/post"}],"author":[{"embeddable":true,"href":"https:\/\/linitiative.ca\/International\/wp-json\/wp\/v2\/users\/1788"}],"replies":[{"embeddable":true,"href":"https:\/\/linitiative.ca\/International\/wp-json\/wp\/v2\/comments?post=125652"}],"version-history":[{"count":0,"href":"https:\/\/linitiative.ca\/International\/wp-json\/wp\/v2\/posts\/125652\/revisions"}],"wp:attachment":[{"href":"https:\/\/linitiative.ca\/International\/wp-json\/wp\/v2\/media?parent=125652"}],"wp:term":[{"taxonomy":"category","embeddable":true,"href":"https:\/\/linitiative.ca\/International\/wp-json\/wp\/v2\/categories?post=125652"},{"taxonomy":"post_tag","embeddable":true,"href":"https:\/\/linitiative.ca\/International\/wp-json\/wp\/v2\/tags?post=125652"}],"curies":[{"name":"wp","href":"https:\/\/api.w.org\/{rel}","templated":true}]}}