{"id":125656,"date":"2021-08-31T10:56:10","date_gmt":"2021-08-31T14:56:10","guid":{"rendered":"https:\/\/linitiative.ca\/International\/residences-dar-saada-recul-du-chiffre-daffaires-semestriel\/"},"modified":"2021-08-31T10:56:10","modified_gmt":"2021-08-31T14:56:10","slug":"residences-dar-saada-recul-du-chiffre-daffaires-semestriel","status":"publish","type":"post","link":"https:\/\/linitiative.ca\/International\/residences-dar-saada-recul-du-chiffre-daffaires-semestriel\/","title":{"rendered":"R\u00e9sidences Dar Saada: Recul du chiffre d\u2019affaires semestriel"},"content":{"rendered":"<div>\n<div class=\"field field-name-body field-type-text-with-summary field-label-hidden\">\n<div class=\"field-items\">\n<div class=\"field-item even\" property=\"content:encoded\">\n<p class=\"rtejustify\">Le Groupe R\u00e9sidences Dar Saada a r\u00e9alis\u00e9 un chiffre d\u2019affaires de 325 millions de DH au premier semestre 2021, contre 473 millions de DH un an auparavant. Cette baisse s\u2019explique par un glissement au niveau de la r\u00e9ception des tranches d\u00e9j\u00e0 achev\u00e9es courant le premier semestre 2021, explique le Groupe, notant que 905 biens achev\u00e9s durant le premier semestre n\u2019ont \u00e9t\u00e9 r\u00e9ceptionn\u00e9s qu\u2019\u00e0 partir de juillet. Ces unit\u00e9s feront l\u2019objet de livraison courant le deuxi\u00e8me semestre, indique \u00e9galement la soci\u00e9t\u00e9.<\/p>\n<\/div>\n<\/div>\n<\/div>\n<\/div>\n<p>Auteur: hgueye<br \/>\n<a href=\"https:\/\/www.leconomiste.com\/flash-infos\/residences-dar-saada-recul-du-chiffre-d-affaires-semestriel\">Cliquez ici pour lire l&rsquo;article depuis sa source.<\/a><\/p>\n","protected":false},"excerpt":{"rendered":"<p>Le Groupe R\u00e9sidences Dar Saada a r\u00e9alis\u00e9 un chiffre d\u2019affaires de 325 millions de DH au premier semestre 2021, contre 473 millions de DH un an auparavant. Cette baisse s\u2019explique par un glissement au niveau de la r\u00e9ception des tranches d\u00e9j\u00e0 achev\u00e9es courant le premier semestre 2021, explique le Groupe, notant que 905 biens achev\u00e9s [&hellip;]<\/p>\n","protected":false},"author":1763,"featured_media":0,"comment_status":"closed","ping_status":"closed","sticky":false,"template":"","format":"standard","meta":{"fifu_image_url":"","fifu_image_alt":"","footnotes":""},"categories":[78,54],"tags":[],"class_list":["post-125656","post","type-post","status-publish","format-standard","hentry","category-economie","category-maroc"],"_links":{"self":[{"href":"https:\/\/linitiative.ca\/International\/wp-json\/wp\/v2\/posts\/125656","targetHints":{"allow":["GET"]}}],"collection":[{"href":"https:\/\/linitiative.ca\/International\/wp-json\/wp\/v2\/posts"}],"about":[{"href":"https:\/\/linitiative.ca\/International\/wp-json\/wp\/v2\/types\/post"}],"author":[{"embeddable":true,"href":"https:\/\/linitiative.ca\/International\/wp-json\/wp\/v2\/users\/1763"}],"replies":[{"embeddable":true,"href":"https:\/\/linitiative.ca\/International\/wp-json\/wp\/v2\/comments?post=125656"}],"version-history":[{"count":0,"href":"https:\/\/linitiative.ca\/International\/wp-json\/wp\/v2\/posts\/125656\/revisions"}],"wp:attachment":[{"href":"https:\/\/linitiative.ca\/International\/wp-json\/wp\/v2\/media?parent=125656"}],"wp:term":[{"taxonomy":"category","embeddable":true,"href":"https:\/\/linitiative.ca\/International\/wp-json\/wp\/v2\/categories?post=125656"},{"taxonomy":"post_tag","embeddable":true,"href":"https:\/\/linitiative.ca\/International\/wp-json\/wp\/v2\/tags?post=125656"}],"curies":[{"name":"wp","href":"https:\/\/api.w.org\/{rel}","templated":true}]}}