{"id":125664,"date":"2021-08-31T06:34:10","date_gmt":"2021-08-31T10:34:10","guid":{"rendered":"https:\/\/linitiative.ca\/International\/a-loccasion-de-la-reunion-ministerielle-des-pays-voisins-lamamra-accuse-des-puissances-etrangeres-dagir-en-libye\/"},"modified":"2021-08-31T06:34:10","modified_gmt":"2021-08-31T10:34:10","slug":"a-loccasion-de-la-reunion-ministerielle-des-pays-voisins-lamamra-accuse-des-puissances-etrangeres-dagir-en-libye","status":"publish","type":"post","link":"https:\/\/linitiative.ca\/International\/a-loccasion-de-la-reunion-ministerielle-des-pays-voisins-lamamra-accuse-des-puissances-etrangeres-dagir-en-libye\/","title":{"rendered":"A l\u2019occasion de la r\u00e9union minist\u00e9rielle des pays voisins : Lamamra accuse \u00abdes puissances \u00e9trang\u00e8res d\u2019agir en Libye\u00bb"},"content":{"rendered":"<div>\n<div class=\"sriret\"><img loading=\"lazy\" decoding=\"async\" width=\"800\" height=\"571\" src=\"https:\/\/linitiative.ca\/International\/wp-content\/uploads\/sites\/23\/2021\/08\/lamamra-e1553039446181-1.jpeg\" class=\"attachment-featured_large size-featured_large wp-post-image\" alt=\"\" style=\"margin-bottom: 15px;\"><\/div>\n<p class=\"p1\"><span class=\"s1\"><b>L<\/b><\/span><span class=\"s1\">e ministre des Affaires \u00e9trang\u00e8res, Ramtane Lamamra, accuse officiellement certaines puissances \u00e9trang\u00e8res d\u2019agir en Libye <i>\u00abpour accro\u00eetre leur influence dans le pays, pour en faire une plateforme leur permettant de redessiner les \u00e9quilibres internationaux\u00bb. \u00abNous devons traiter et interagir avec les d\u00e9veloppements de la situation en Libye selon une approche proactive et une vision claire\u00bb<\/i>, d\u00e9clare-t-il \u00e0 l\u2019occasion de la r\u00e9union minist\u00e9rielle des pays voisins de la Libye, tenue hier Alger, en pr\u00e9sence des ministres des Affaires \u00e9trang\u00e8res de la Libye, Tunisie, Egypte, Niger, Tchad, Soudan et R\u00e9publique du Congo.<\/span><\/p>\n<p class=\"p1\"><span class=\"s1\">*Retrouvez l\u2019inte\u0301gralite\u0301 de nos articles sur la version papier<\/span><\/p>\n<p>\u00a0<\/p>\n<p>L\u2019article <a rel=\"nofollow\" href=\"https:\/\/www.elwatan.com\/edition\/actualite\/a-loccasion-de-la-reunion-ministerielle-des-pays-voisins-lamamra-accuse-des-puissances-etrangeres-dagir-en-libye-31-08-2021\">A l\u2019occasion de la r\u00e9union minist\u00e9rielle des pays voisins : Lamamra accuse \u00abdes puissances \u00e9trang\u00e8res d\u2019agir en Libye\u00bb<\/a> est apparu en premier sur <a rel=\"nofollow\" href=\"https:\/\/www.elwatan.com\/\">El Watan<\/a>.<\/p>\n<\/div>\n<p>Auteur: Hicham Chouadria<br \/>\n<a href=\"https:\/\/www.elwatan.com\/edition\/actualite\/a-loccasion-de-la-reunion-ministerielle-des-pays-voisins-lamamra-accuse-des-puissances-etrangeres-dagir-en-libye-31-08-2021\">Cliquez ici pour lire l&rsquo;article depuis sa source.<\/a><\/p>\n","protected":false},"excerpt":{"rendered":"<p>Le ministre des Affaires \u00e9trang\u00e8res, Ramtane Lamamra, accuse officiellement certaines puissances \u00e9trang\u00e8res d\u2019agir en Libye \u00abpour accro\u00eetre leur influence dans le pays, pour en faire une plateforme leur permettant de redessiner les \u00e9quilibres internationaux\u00bb. \u00abNous devons traiter et interagir avec les d\u00e9veloppements de la situation en Libye selon une approche proactive et une vision claire\u00bb, [&hellip;]<\/p>\n","protected":false},"author":1743,"featured_media":0,"comment_status":"closed","ping_status":"closed","sticky":false,"template":"","format":"standard","meta":{"fifu_image_url":"https:\/\/www.elwatan.com\/wp-content\/uploads\/2019\/03\/lamamra-e1553039446181.jpeg","fifu_image_alt":"A l\u2019occasion de la r\u00e9union minist\u00e9rielle des pays voisins : Lamamra accuse \u00abdes puissances \u00e9trang\u00e8res d\u2019agir en Libye\u00bb","footnotes":""},"categories":[73,53],"tags":[],"class_list":["post-125664","post","type-post","status-publish","format-standard","hentry","category-actualite","category-algerie"],"_links":{"self":[{"href":"https:\/\/linitiative.ca\/International\/wp-json\/wp\/v2\/posts\/125664","targetHints":{"allow":["GET"]}}],"collection":[{"href":"https:\/\/linitiative.ca\/International\/wp-json\/wp\/v2\/posts"}],"about":[{"href":"https:\/\/linitiative.ca\/International\/wp-json\/wp\/v2\/types\/post"}],"author":[{"embeddable":true,"href":"https:\/\/linitiative.ca\/International\/wp-json\/wp\/v2\/users\/1743"}],"replies":[{"embeddable":true,"href":"https:\/\/linitiative.ca\/International\/wp-json\/wp\/v2\/comments?post=125664"}],"version-history":[{"count":0,"href":"https:\/\/linitiative.ca\/International\/wp-json\/wp\/v2\/posts\/125664\/revisions"}],"wp:attachment":[{"href":"https:\/\/linitiative.ca\/International\/wp-json\/wp\/v2\/media?parent=125664"}],"wp:term":[{"taxonomy":"category","embeddable":true,"href":"https:\/\/linitiative.ca\/International\/wp-json\/wp\/v2\/categories?post=125664"},{"taxonomy":"post_tag","embeddable":true,"href":"https:\/\/linitiative.ca\/International\/wp-json\/wp\/v2\/tags?post=125664"}],"curies":[{"name":"wp","href":"https:\/\/api.w.org\/{rel}","templated":true}]}}