{"id":125666,"date":"2021-08-31T06:35:54","date_gmt":"2021-08-31T10:35:54","guid":{"rendered":"https:\/\/linitiative.ca\/International\/conseil-des-ministres-le-gouvernement-veut-moderniser-le-systeme-bancaire\/"},"modified":"2021-08-31T06:35:54","modified_gmt":"2021-08-31T10:35:54","slug":"conseil-des-ministres-le-gouvernement-veut-moderniser-le-systeme-bancaire","status":"publish","type":"post","link":"https:\/\/linitiative.ca\/International\/conseil-des-ministres-le-gouvernement-veut-moderniser-le-systeme-bancaire\/","title":{"rendered":"Conseil des ministres : Le gouvernement veut moderniser le syst\u00e8me bancaire"},"content":{"rendered":"<div>\n<div class=\"sriret\"><img loading=\"lazy\" decoding=\"async\" width=\"332\" height=\"297\" src=\"https:\/\/linitiative.ca\/International\/wp-content\/uploads\/sites\/23\/2021\/08\/tebboune-3-e1620682994996.jpg\" class=\"attachment-featured_large size-featured_large wp-post-image\" alt=\"\" style=\"margin-bottom: 15px;\" srcset=\"https:\/\/linitiative.ca\/International\/wp-content\/uploads\/sites\/23\/2021\/08\/tebboune-3-e1620682994996.jpg 332w, https:\/\/www.elwatan.com\/wp-content\/uploads\/2021\/05\/tebboune-3-e1620682994996-300x268.jpg 300w\" sizes=\"auto, (max-width: 332px) 100vw, 332px\"><\/div>\n<p class=\"p1\"><span class=\"s1\"><b>L<\/b><\/span><span class=\"s2\">e pr\u00e9sident Tebboune<span class=\"Apple-converted-space\">\u00a0 <\/span>a pr\u00e9sid\u00e9, hier, une r\u00e9union extraordinaire du Conseil des ministres, consacr\u00e9e \u00e0 l\u2019examen et l\u2019adoption du plan d\u2019action du gouvernement, ainsi que la pr\u00e9sentation et l\u2019examen d\u2019un certain nombre de projets de textes juridiques concernant l\u2019audiovisuel et les collectivit\u00e9s locales, a indiqu\u00e9 la pr\u00e9sidence de la R\u00e9publique dans un communiqu\u00e9. Le Premier ministre A\u00efmen\u00a0<i>Benabderrahman<\/i> a pr\u00e9sente le plan d\u2019action du gouvernement, qui sera pr\u00e9sent\u00e9 prochainement au Parlement, a ajout\u00e9 la m\u00eame source.<span class=\"Apple-converted-space\">\u00a0 <\/span>Ce plan vise \u00e0 renforcer l\u2019\u00e9tat de droit et renouveler la gouvernance et relancer l\u2019\u00e9conomie.<\/span><\/p>\n<p>*Retrouvez l\u2019inte\u0301gralite\u0301 de nos articles sur la version papier<\/p>\n<p>L\u2019article <a rel=\"nofollow\" href=\"https:\/\/www.elwatan.com\/edition\/actualite\/conseil-des-ministres-le-gouvernement-veut-moderniser-le-systeme-bancaire-31-08-2021\">Conseil des ministres : Le gouvernement veut moderniser le syst\u00e8me bancaire<\/a> est apparu en premier sur <a rel=\"nofollow\" href=\"https:\/\/www.elwatan.com\/\">El Watan<\/a>.<\/p>\n<\/div>\n<p>Auteur: Hicham Chouadria<br \/>\n<a href=\"https:\/\/www.elwatan.com\/edition\/actualite\/conseil-des-ministres-le-gouvernement-veut-moderniser-le-systeme-bancaire-31-08-2021\">Cliquez ici pour lire l&rsquo;article depuis sa source.<\/a><\/p>\n","protected":false},"excerpt":{"rendered":"<p>Le pr\u00e9sident Tebboune\u00a0 a pr\u00e9sid\u00e9, hier, une r\u00e9union extraordinaire du Conseil des ministres, consacr\u00e9e \u00e0 l\u2019examen et l\u2019adoption du plan d\u2019action du gouvernement, ainsi que la pr\u00e9sentation et l\u2019examen d\u2019un certain nombre de projets de textes juridiques concernant l\u2019audiovisuel et les collectivit\u00e9s locales, a indiqu\u00e9 la pr\u00e9sidence de la R\u00e9publique dans un communiqu\u00e9. Le Premier [&hellip;]<\/p>\n","protected":false},"author":1743,"featured_media":0,"comment_status":"closed","ping_status":"closed","sticky":false,"template":"","format":"standard","meta":{"fifu_image_url":"https:\/\/www.elwatan.com\/wp-content\/uploads\/2021\/05\/tebboune-3-e1620682994996.jpg","fifu_image_alt":"Conseil des ministres : Le gouvernement veut moderniser le syst\u00e8me bancaire","footnotes":""},"categories":[73,53],"tags":[],"class_list":["post-125666","post","type-post","status-publish","format-standard","hentry","category-actualite","category-algerie"],"_links":{"self":[{"href":"https:\/\/linitiative.ca\/International\/wp-json\/wp\/v2\/posts\/125666","targetHints":{"allow":["GET"]}}],"collection":[{"href":"https:\/\/linitiative.ca\/International\/wp-json\/wp\/v2\/posts"}],"about":[{"href":"https:\/\/linitiative.ca\/International\/wp-json\/wp\/v2\/types\/post"}],"author":[{"embeddable":true,"href":"https:\/\/linitiative.ca\/International\/wp-json\/wp\/v2\/users\/1743"}],"replies":[{"embeddable":true,"href":"https:\/\/linitiative.ca\/International\/wp-json\/wp\/v2\/comments?post=125666"}],"version-history":[{"count":0,"href":"https:\/\/linitiative.ca\/International\/wp-json\/wp\/v2\/posts\/125666\/revisions"}],"wp:attachment":[{"href":"https:\/\/linitiative.ca\/International\/wp-json\/wp\/v2\/media?parent=125666"}],"wp:term":[{"taxonomy":"category","embeddable":true,"href":"https:\/\/linitiative.ca\/International\/wp-json\/wp\/v2\/categories?post=125666"},{"taxonomy":"post_tag","embeddable":true,"href":"https:\/\/linitiative.ca\/International\/wp-json\/wp\/v2\/tags?post=125666"}],"curies":[{"name":"wp","href":"https:\/\/api.w.org\/{rel}","templated":true}]}}