{"id":125668,"date":"2021-08-31T06:38:03","date_gmt":"2021-08-31T10:38:03","guid":{"rendered":"https:\/\/linitiative.ca\/International\/le-ministre-de-linterieur-exige-detre-consulte\/"},"modified":"2021-08-31T06:38:03","modified_gmt":"2021-08-31T10:38:03","slug":"le-ministre-de-linterieur-exige-detre-consulte","status":"publish","type":"post","link":"https:\/\/linitiative.ca\/International\/le-ministre-de-linterieur-exige-detre-consulte\/","title":{"rendered":"Le ministre de l\u2019Int\u00e9rieur exige d\u2019\u00eatre consult\u00e9"},"content":{"rendered":"<div>\n<div class=\"sriret\"><img decoding=\"async\" src=\"https:\/\/linitiative.ca\/International\/wp-content\/uploads\/sites\/23\/2021\/08\/default-picture-709x366_c-71.jpg\"><\/div>\n<p class=\"p1\">Le ministre de l\u2019Int\u00e9rieur a adress\u00e9, le 28 ao\u00fbt dernier, une instruction pr\u00e9sidentielle aux walis, aux secr\u00e9taires g\u00e9n\u00e9raux des wilayas et aux chefs de da\u00efra concernant les enqu\u00eates sur les faits de corruption. Le document invite le minist\u00e8re de la Justice et les responsables des services de s\u00e9curit\u00e9 \u00e0 ne plus prendre l\u2019initiative d\u2019enqu\u00eater ou de poursuivre en justice des responsables sans consulter le ministre de l\u2019Int\u00e9rieur. \u00abEt cela en attendant la r\u00e9vision des dispositions l\u00e9gales en rapport avec la r\u00e9alit\u00e9 de notre \u00e9conomie, en particulier la d\u00e9criminalisation des d\u00e9lits de gestion\u00bb, lit-on dans ce document, sign\u00e9 par le ministre Kamel Beldjoud.<\/p>\n<p>*Retrouvez l\u2019inte\u0301gralite\u0301 de nos articles sur la version papier<\/p>\n<p>L\u2019article <a rel=\"nofollow\" href=\"https:\/\/www.elwatan.com\/edition\/actualite\/le-ministre-de-linterieur-exige-detre-consulte-31-08-2021\">Le ministre de l\u2019Int\u00e9rieur exige d\u2019\u00eatre consult\u00e9<\/a> est apparu en premier sur <a rel=\"nofollow\" href=\"https:\/\/www.elwatan.com\/\">El Watan<\/a>.<\/p>\n<\/div>\n<p>Auteur: Hicham Chouadria<br \/>\n<a href=\"https:\/\/www.elwatan.com\/edition\/actualite\/le-ministre-de-linterieur-exige-detre-consulte-31-08-2021\">Cliquez ici pour lire l&rsquo;article depuis sa source.<\/a><\/p>\n","protected":false},"excerpt":{"rendered":"<p>Le ministre de l\u2019Int\u00e9rieur a adress\u00e9, le 28 ao\u00fbt dernier, une instruction pr\u00e9sidentielle aux walis, aux secr\u00e9taires g\u00e9n\u00e9raux des wilayas et aux chefs de da\u00efra concernant les enqu\u00eates sur les faits de corruption. Le document invite le minist\u00e8re de la Justice et les responsables des services de s\u00e9curit\u00e9 \u00e0 ne plus prendre l\u2019initiative d\u2019enqu\u00eater ou [&hellip;]<\/p>\n","protected":false},"author":1743,"featured_media":0,"comment_status":"closed","ping_status":"closed","sticky":false,"template":"","format":"standard","meta":{"fifu_image_url":"https:\/\/www.elwatan.com\/wp-content\/themes\/spectr\/img\/default-picture-709x366_c.jpg","fifu_image_alt":"Le ministre de l\u2019Int\u00e9rieur exige d\u2019\u00eatre consult\u00e9","footnotes":""},"categories":[73,53],"tags":[],"class_list":["post-125668","post","type-post","status-publish","format-standard","hentry","category-actualite","category-algerie"],"_links":{"self":[{"href":"https:\/\/linitiative.ca\/International\/wp-json\/wp\/v2\/posts\/125668","targetHints":{"allow":["GET"]}}],"collection":[{"href":"https:\/\/linitiative.ca\/International\/wp-json\/wp\/v2\/posts"}],"about":[{"href":"https:\/\/linitiative.ca\/International\/wp-json\/wp\/v2\/types\/post"}],"author":[{"embeddable":true,"href":"https:\/\/linitiative.ca\/International\/wp-json\/wp\/v2\/users\/1743"}],"replies":[{"embeddable":true,"href":"https:\/\/linitiative.ca\/International\/wp-json\/wp\/v2\/comments?post=125668"}],"version-history":[{"count":0,"href":"https:\/\/linitiative.ca\/International\/wp-json\/wp\/v2\/posts\/125668\/revisions"}],"wp:attachment":[{"href":"https:\/\/linitiative.ca\/International\/wp-json\/wp\/v2\/media?parent=125668"}],"wp:term":[{"taxonomy":"category","embeddable":true,"href":"https:\/\/linitiative.ca\/International\/wp-json\/wp\/v2\/categories?post=125668"},{"taxonomy":"post_tag","embeddable":true,"href":"https:\/\/linitiative.ca\/International\/wp-json\/wp\/v2\/tags?post=125668"}],"curies":[{"name":"wp","href":"https:\/\/api.w.org\/{rel}","templated":true}]}}