{"id":125670,"date":"2021-08-31T06:40:51","date_gmt":"2021-08-31T10:40:51","guid":{"rendered":"https:\/\/linitiative.ca\/International\/les-locales-auront-lieu-le-27-novembre-prochain-des-elections-sans-enjeux\/"},"modified":"2021-08-31T06:40:51","modified_gmt":"2021-08-31T10:40:51","slug":"les-locales-auront-lieu-le-27-novembre-prochain-des-elections-sans-enjeux","status":"publish","type":"post","link":"https:\/\/linitiative.ca\/International\/les-locales-auront-lieu-le-27-novembre-prochain-des-elections-sans-enjeux\/","title":{"rendered":"Les locales auront lieu le 27 novembre prochain : Des \u00e9lections sans enjeux"},"content":{"rendered":"<div>\n<div class=\"sriret\"><img loading=\"lazy\" decoding=\"async\" width=\"800\" height=\"533\" src=\"https:\/\/linitiative.ca\/International\/wp-content\/uploads\/sites\/23\/2021\/08\/Elections-e1621458479768.jpg\" class=\"attachment-featured_large size-featured_large wp-post-image\" alt=\"\" style=\"margin-bottom: 15px;\"><\/div>\n<p class=\"p1\"><span class=\"s1\"><b>L<\/b><\/span><span class=\"s1\">e pr\u00e9sident de la R\u00e9publique, Abdelmadjid Tebboune, a sign\u00e9, dimanche, un d\u00e9cret pr\u00e9sidentiel portant convocation du corps \u00e9lectoral en vue des \u00e9lections anticip\u00e9es des Assembl\u00e9es populaires communales (APC) et de wilaya (APW), pr\u00e9vues le 27 novembre prochain, indique dimanche un communiqu\u00e9 de la pr\u00e9sidence de la R\u00e9publique. C\u2019est la derni\u00e8re \u00e9tape du processus de renouvellement institutionnel, depuis la d\u00e9mission de l\u2019ancien pr\u00e9sident, Abdelaziz Bouteflika, ayant d\u00e9but\u00e9 le 12 d\u00e9cembre 2019, avec l\u2019\u00e9lection pr\u00e9sidentielle qui avait port\u00e9 Abdelmadjid Tebboune au palais d\u2019El Mouradia, et par la suite l\u2019organisation des l\u00e9gislatives anticip\u00e9es du 12 juin dernier, en passant bien entendu par le r\u00e9f\u00e9rendum sur la Constitution du 1<sup>er<\/sup> novembre 2020.<\/span><\/p>\n<p>*Retrouvez l\u2019inte\u0301gralite\u0301 de nos articles sur la version papier<\/p>\n<p>L\u2019article <a rel=\"nofollow\" href=\"https:\/\/www.elwatan.com\/a-la-une\/les-locales-auront-lieu-le-27-novembre-prochain-des-elections-sans-enjeux-31-08-2021\">Les locales auront lieu le 27 novembre prochain : Des \u00e9lections sans enjeux<\/a> est apparu en premier sur <a rel=\"nofollow\" href=\"https:\/\/www.elwatan.com\/\">El Watan<\/a>.<\/p>\n<\/div>\n<p>Auteur: Hicham Chouadria<br \/>\n<a href=\"https:\/\/www.elwatan.com\/a-la-une\/les-locales-auront-lieu-le-27-novembre-prochain-des-elections-sans-enjeux-31-08-2021\">Cliquez ici pour lire l&rsquo;article depuis sa source.<\/a><\/p>\n","protected":false},"excerpt":{"rendered":"<p>Le pr\u00e9sident de la R\u00e9publique, Abdelmadjid Tebboune, a sign\u00e9, dimanche, un d\u00e9cret pr\u00e9sidentiel portant convocation du corps \u00e9lectoral en vue des \u00e9lections anticip\u00e9es des Assembl\u00e9es populaires communales (APC) et de wilaya (APW), pr\u00e9vues le 27 novembre prochain, indique dimanche un communiqu\u00e9 de la pr\u00e9sidence de la R\u00e9publique. C\u2019est la derni\u00e8re \u00e9tape du processus de renouvellement [&hellip;]<\/p>\n","protected":false},"author":1743,"featured_media":0,"comment_status":"closed","ping_status":"closed","sticky":false,"template":"","format":"standard","meta":{"fifu_image_url":"https:\/\/www.elwatan.com\/wp-content\/uploads\/2021\/05\/Elections-e1621458479768.jpg","fifu_image_alt":"Les locales auront lieu le 27 novembre prochain : Des \u00e9lections sans enjeux","footnotes":""},"categories":[73,53],"tags":[],"class_list":["post-125670","post","type-post","status-publish","format-standard","hentry","category-actualite","category-algerie"],"_links":{"self":[{"href":"https:\/\/linitiative.ca\/International\/wp-json\/wp\/v2\/posts\/125670","targetHints":{"allow":["GET"]}}],"collection":[{"href":"https:\/\/linitiative.ca\/International\/wp-json\/wp\/v2\/posts"}],"about":[{"href":"https:\/\/linitiative.ca\/International\/wp-json\/wp\/v2\/types\/post"}],"author":[{"embeddable":true,"href":"https:\/\/linitiative.ca\/International\/wp-json\/wp\/v2\/users\/1743"}],"replies":[{"embeddable":true,"href":"https:\/\/linitiative.ca\/International\/wp-json\/wp\/v2\/comments?post=125670"}],"version-history":[{"count":0,"href":"https:\/\/linitiative.ca\/International\/wp-json\/wp\/v2\/posts\/125670\/revisions"}],"wp:attachment":[{"href":"https:\/\/linitiative.ca\/International\/wp-json\/wp\/v2\/media?parent=125670"}],"wp:term":[{"taxonomy":"category","embeddable":true,"href":"https:\/\/linitiative.ca\/International\/wp-json\/wp\/v2\/categories?post=125670"},{"taxonomy":"post_tag","embeddable":true,"href":"https:\/\/linitiative.ca\/International\/wp-json\/wp\/v2\/tags?post=125670"}],"curies":[{"name":"wp","href":"https:\/\/api.w.org\/{rel}","templated":true}]}}