{"id":125676,"date":"2021-08-31T04:18:00","date_gmt":"2021-08-31T08:18:00","guid":{"rendered":"https:\/\/linitiative.ca\/International\/lambassadeur-de-tunisie-au-burkina-faso-mohamed-kahloun-decore-de-lordre-de-letalon\/"},"modified":"2021-08-31T04:18:00","modified_gmt":"2021-08-31T08:18:00","slug":"lambassadeur-de-tunisie-au-burkina-faso-mohamed-kahloun-decore-de-lordre-de-letalon","status":"publish","type":"post","link":"https:\/\/linitiative.ca\/International\/lambassadeur-de-tunisie-au-burkina-faso-mohamed-kahloun-decore-de-lordre-de-letalon\/","title":{"rendered":"L\u2019ambassadeur de Tunisie au Burkina Faso, Mohamed Kahloun, d\u00e9cor\u00e9 de l\u2019Ordre de l\u2019Etalon"},"content":{"rendered":"<div><img decoding=\"async\" src=\"https:\/\/linitiative.ca\/International\/wp-content\/uploads\/sites\/23\/2021\/08\/1630394292_article.jpg\" alt=\"D\u00e9coration de l\" ambassadeur de tunisie au burkina faso mohamed kahloun align=\"left\">Premier ambassadeur r\u00e9sident de Tunisie au Burkina Faso, depuis cinq ans, Mohamed Kahloun termine sa mission avec \u00e9clat. \u00ab\u00a0Le diplomate tunisien dont les efforts dans le renforcement de la coop\u00e9ration entre son pays et le Burkina Faso ont \u00e9t\u00e9 reconnus, a, \u00e0 cette occasion, \u00e9t\u00e9 \u00e9lev\u00e9 au rang d\u2019Officier de l\u2019Ordre de l\u2019Etalon, lit-on sur le site officiel du minist\u00e8re burkinab\u00e9 des Affaires \u00e9trang\u00e8res. La distinction lui a \u00e9t\u00e9 remise par le ministre Barry, au nom du pr\u00e9sident du Faso, Son Excellence Monsieur Roch Marc Christian Kabor\u00e9. L\u2019occasion pour le ministre de rappeler quelques points saillants de cette coop\u00e9ration au nombre desquels les Protocoles &#8230;<\/p>\n<\/div>\n<p>Auteur:<br \/>\n<a href=\"https:\/\/www.leaders.com.tn\/article\/32347-l-ambassadeur-de-tunisie-au-burkina-faso-mohamed-kahloun-decore-de-l-ordre-de-l-etalon\">Cliquez ici pour lire l&rsquo;article depuis sa source.<\/a><\/p>\n","protected":false},"excerpt":{"rendered":"<p>Premier ambassadeur r\u00e9sident de Tunisie au Burkina Faso, depuis cinq ans, Mohamed Kahloun termine sa mission avec \u00e9clat. \u00ab\u00a0Le diplomate tunisien dont les efforts dans le renforcement de la coop\u00e9ration entre son pays et le Burkina Faso ont \u00e9t\u00e9 reconnus, a, \u00e0 cette occasion, \u00e9t\u00e9 \u00e9lev\u00e9 au rang d\u2019Officier de l\u2019Ordre de l\u2019Etalon, lit-on sur [&hellip;]<\/p>\n","protected":false},"author":1772,"featured_media":0,"comment_status":"closed","ping_status":"closed","sticky":false,"template":"","format":"standard","meta":{"fifu_image_url":"http:\/\/www.leaders.com.tn\/uploads\/content\/thumbnails_small\/1630394292_article.jpg","fifu_image_alt":"L\u2019ambassadeur de Tunisie au Burkina Faso, Mohamed Kahloun, d\u00e9cor\u00e9 de l\u2019Ordre de l\u2019Etalon","footnotes":""},"categories":[73,55],"tags":[],"class_list":["post-125676","post","type-post","status-publish","format-standard","hentry","category-actualite","category-tunisie"],"_links":{"self":[{"href":"https:\/\/linitiative.ca\/International\/wp-json\/wp\/v2\/posts\/125676","targetHints":{"allow":["GET"]}}],"collection":[{"href":"https:\/\/linitiative.ca\/International\/wp-json\/wp\/v2\/posts"}],"about":[{"href":"https:\/\/linitiative.ca\/International\/wp-json\/wp\/v2\/types\/post"}],"author":[{"embeddable":true,"href":"https:\/\/linitiative.ca\/International\/wp-json\/wp\/v2\/users\/1772"}],"replies":[{"embeddable":true,"href":"https:\/\/linitiative.ca\/International\/wp-json\/wp\/v2\/comments?post=125676"}],"version-history":[{"count":0,"href":"https:\/\/linitiative.ca\/International\/wp-json\/wp\/v2\/posts\/125676\/revisions"}],"wp:attachment":[{"href":"https:\/\/linitiative.ca\/International\/wp-json\/wp\/v2\/media?parent=125676"}],"wp:term":[{"taxonomy":"category","embeddable":true,"href":"https:\/\/linitiative.ca\/International\/wp-json\/wp\/v2\/categories?post=125676"},{"taxonomy":"post_tag","embeddable":true,"href":"https:\/\/linitiative.ca\/International\/wp-json\/wp\/v2\/tags?post=125676"}],"curies":[{"name":"wp","href":"https:\/\/api.w.org\/{rel}","templated":true}]}}