{"id":125678,"date":"2021-08-31T07:53:00","date_gmt":"2021-08-31T11:53:00","guid":{"rendered":"https:\/\/linitiative.ca\/International\/rencontre-marouane-el-abassi-et-ferid-belhaj-la-bct-appelle-la-banque-mondiale-a-poursuivre-son-appui-dans-la-conduite-des-reformes\/"},"modified":"2021-08-31T07:53:00","modified_gmt":"2021-08-31T11:53:00","slug":"rencontre-marouane-el-abassi-et-ferid-belhaj-la-bct-appelle-la-banque-mondiale-a-poursuivre-son-appui-dans-la-conduite-des-reformes","status":"publish","type":"post","link":"https:\/\/linitiative.ca\/International\/rencontre-marouane-el-abassi-et-ferid-belhaj-la-bct-appelle-la-banque-mondiale-a-poursuivre-son-appui-dans-la-conduite-des-reformes\/","title":{"rendered":"Rencontre Marouane El Abassi et Ferid Belhaj: La BCT appelle la Banque Mondiale \u00e0 poursuivre son appui dans la conduite des r\u00e9formes"},"content":{"rendered":"<div><img decoding=\"async\" src=\"https:\/\/linitiative.ca\/International\/wp-content\/uploads\/sites\/23\/2021\/08\/1630407467_article.jpg\" alt=\"Rencontre Marouane El Abassi et Ferid Belhaj: La BCT appelle la la Banque Mondiale \u00e0 poursuivre son appui dans la conduite des r\u00e9formes\" align=\"left\">Marouane El Abassi, Gouverneur de la Banque Centrale de Tunisie (BCT) s\u2019est entretenu, lundi 30 ao\u00fbt 2021, avec Ferid Belhaj, Vice-pr\u00e9sident de la Banque Mondiale (BM) pour la r\u00e9gion Moyen-Orient et Afrique du Nord (MENA), qui effectue actuellement une visite \u00e0 Tunis (27-31 ao\u00fbt 2021). Cette rencontre s\u2019est tenue en pr\u00e9sence de M. Jesko Hentschel, Directeur Pays pour le Maghreb et Malte, Alexandre Arrobbio, Repr\u00e9sentant R\u00e9sident du Bureau de la BM en Tunisie, Georges Ghorra Repr\u00e9sentant R\u00e9sident de la Soci\u00e9t\u00e9 Financi\u00e8re Internationale (IFC) en Tunisie et Mme Nadia Gamha, Vice-gouverneur de la BCT.<br \/>\nCette entrevue a, notamment, port\u00e9 sur la situation \u00e9conomique de la &#8230;<\/p>\n<\/div>\n<p>Auteur:<br \/>\n<a href=\"https:\/\/www.leaders.com.tn\/article\/32348-rencontre-marouane-el-abassi-et-ferid-belhaj-la-bct-appelle-la-la-banque-mondiale-a-poursuivre-son-appui-dans-la-conduite-des-reformes\">Cliquez ici pour lire l&rsquo;article depuis sa source.<\/a><\/p>\n","protected":false},"excerpt":{"rendered":"<p>Marouane El Abassi, Gouverneur de la Banque Centrale de Tunisie (BCT) s\u2019est entretenu, lundi 30 ao\u00fbt 2021, avec Ferid Belhaj, Vice-pr\u00e9sident de la Banque Mondiale (BM) pour la r\u00e9gion Moyen-Orient et Afrique du Nord (MENA), qui effectue actuellement une visite \u00e0 Tunis (27-31 ao\u00fbt 2021). Cette rencontre s\u2019est tenue en pr\u00e9sence de M. Jesko Hentschel, [&hellip;]<\/p>\n","protected":false},"author":1772,"featured_media":0,"comment_status":"closed","ping_status":"closed","sticky":false,"template":"","format":"standard","meta":{"fifu_image_url":"http:\/\/www.leaders.com.tn\/uploads\/content\/thumbnails_small\/1630407467_article.jpg","fifu_image_alt":"Rencontre Marouane El Abassi et Ferid Belhaj: La BCT appelle la Banque Mondiale \u00e0 poursuivre son appui dans la conduite des r\u00e9formes","footnotes":""},"categories":[73,55],"tags":[],"class_list":["post-125678","post","type-post","status-publish","format-standard","hentry","category-actualite","category-tunisie"],"_links":{"self":[{"href":"https:\/\/linitiative.ca\/International\/wp-json\/wp\/v2\/posts\/125678","targetHints":{"allow":["GET"]}}],"collection":[{"href":"https:\/\/linitiative.ca\/International\/wp-json\/wp\/v2\/posts"}],"about":[{"href":"https:\/\/linitiative.ca\/International\/wp-json\/wp\/v2\/types\/post"}],"author":[{"embeddable":true,"href":"https:\/\/linitiative.ca\/International\/wp-json\/wp\/v2\/users\/1772"}],"replies":[{"embeddable":true,"href":"https:\/\/linitiative.ca\/International\/wp-json\/wp\/v2\/comments?post=125678"}],"version-history":[{"count":0,"href":"https:\/\/linitiative.ca\/International\/wp-json\/wp\/v2\/posts\/125678\/revisions"}],"wp:attachment":[{"href":"https:\/\/linitiative.ca\/International\/wp-json\/wp\/v2\/media?parent=125678"}],"wp:term":[{"taxonomy":"category","embeddable":true,"href":"https:\/\/linitiative.ca\/International\/wp-json\/wp\/v2\/categories?post=125678"},{"taxonomy":"post_tag","embeddable":true,"href":"https:\/\/linitiative.ca\/International\/wp-json\/wp\/v2\/tags?post=125678"}],"curies":[{"name":"wp","href":"https:\/\/api.w.org\/{rel}","templated":true}]}}