{"id":125680,"date":"2021-08-31T12:49:00","date_gmt":"2021-08-31T16:49:00","guid":{"rendered":"https:\/\/linitiative.ca\/International\/fakhreddine-karray-nomme-recteur-a-luniversite-mohamed-bin-zayed-de-lintelligence-artificielle-a-abu-dhabi\/"},"modified":"2021-08-31T12:49:00","modified_gmt":"2021-08-31T16:49:00","slug":"fakhreddine-karray-nomme-recteur-a-luniversite-mohamed-bin-zayed-de-lintelligence-artificielle-a-abu-dhabi","status":"publish","type":"post","link":"https:\/\/linitiative.ca\/International\/fakhreddine-karray-nomme-recteur-a-luniversite-mohamed-bin-zayed-de-lintelligence-artificielle-a-abu-dhabi\/","title":{"rendered":"Fakhreddine Karray nomm\u00e9 recteur \u00e0 l\u2019Universit\u00e9 Mohamed bin Zayed de l\u2019intelligence artificielle \u00e0 Abu Dhabi"},"content":{"rendered":"<div><img decoding=\"async\" src=\"https:\/\/linitiative.ca\/International\/wp-content\/uploads\/sites\/23\/2021\/08\/1630425571_article.jpg\" alt=\"Fakhreddine Karray nomm\u00e9 recteur \u00e0 l\u2019Universit\u00e9 Mohamed bin Zayed de l\u2019intelligence artificielle \u00e0 Abu Dhabi\" align=\"left\">Pr\u00e9cieuse recrue pour l\u2019Universit\u00e9 Mohamed bin Zayed de l\u2019intelligence artificielle (MBZUAI) \u00e0 Abu Dhabi. Le Tunisien Fakhreddine Karray, chercheur de renomm\u00e9e mondiale sp\u00e9cialis\u00e9 en automatisme, robotique et intelligence artificielle vient d\u2019\u00eatre nomm\u00e9 recteur au sein de cette universit\u00e9. Premi\u00e8re au monde enti\u00e8rement d\u00e9di\u00e9e \u00e0 l&rsquo;intelligence artificielle (IA) bas\u00e9e sur la recherche et destin\u00e9e aux \u00e9tudiants dipl\u00f4m\u00e9s, elle est implant\u00e9e dans des locaux avant-gardistes sur le campus futuritse d&rsquo;Abu Dhabi.\u00a0La premi\u00e8re cohorte comprend 100\u00a0\u00e9tudiants s\u00e9lectionn\u00e9s parmi un groupe de haut calibre de 2\u00a0223 candidats de 97\u00a0nationalit\u00e9s diff\u00e9rentes. Les \u00e9tudiants &#8230;<\/p>\n<\/div>\n<p>Auteur:<br \/>\n<a href=\"https:\/\/www.leaders.com.tn\/article\/32349-fakhreddine-karray-nomme-recteur-a-l-universite-mohamed-bin-zayed-de-l-intelligence-artificielle-a-abu-dhabi\">Cliquez ici pour lire l&rsquo;article depuis sa source.<\/a><\/p>\n","protected":false},"excerpt":{"rendered":"<p>Pr\u00e9cieuse recrue pour l\u2019Universit\u00e9 Mohamed bin Zayed de l\u2019intelligence artificielle (MBZUAI) \u00e0 Abu Dhabi. Le Tunisien Fakhreddine Karray, chercheur de renomm\u00e9e mondiale sp\u00e9cialis\u00e9 en automatisme, robotique et intelligence artificielle vient d\u2019\u00eatre nomm\u00e9 recteur au sein de cette universit\u00e9. Premi\u00e8re au monde enti\u00e8rement d\u00e9di\u00e9e \u00e0 l&rsquo;intelligence artificielle (IA) bas\u00e9e sur la recherche et destin\u00e9e aux \u00e9tudiants [&hellip;]<\/p>\n","protected":false},"author":1772,"featured_media":0,"comment_status":"closed","ping_status":"closed","sticky":false,"template":"","format":"standard","meta":{"fifu_image_url":"http:\/\/www.leaders.com.tn\/uploads\/content\/thumbnails_small\/1630425571_article.jpg","fifu_image_alt":"Fakhreddine Karray nomm\u00e9 recteur \u00e0 l\u2019Universit\u00e9 Mohamed bin Zayed de l\u2019intelligence artificielle \u00e0 Abu Dhabi","footnotes":""},"categories":[73,55],"tags":[],"class_list":["post-125680","post","type-post","status-publish","format-standard","hentry","category-actualite","category-tunisie"],"_links":{"self":[{"href":"https:\/\/linitiative.ca\/International\/wp-json\/wp\/v2\/posts\/125680","targetHints":{"allow":["GET"]}}],"collection":[{"href":"https:\/\/linitiative.ca\/International\/wp-json\/wp\/v2\/posts"}],"about":[{"href":"https:\/\/linitiative.ca\/International\/wp-json\/wp\/v2\/types\/post"}],"author":[{"embeddable":true,"href":"https:\/\/linitiative.ca\/International\/wp-json\/wp\/v2\/users\/1772"}],"replies":[{"embeddable":true,"href":"https:\/\/linitiative.ca\/International\/wp-json\/wp\/v2\/comments?post=125680"}],"version-history":[{"count":0,"href":"https:\/\/linitiative.ca\/International\/wp-json\/wp\/v2\/posts\/125680\/revisions"}],"wp:attachment":[{"href":"https:\/\/linitiative.ca\/International\/wp-json\/wp\/v2\/media?parent=125680"}],"wp:term":[{"taxonomy":"category","embeddable":true,"href":"https:\/\/linitiative.ca\/International\/wp-json\/wp\/v2\/categories?post=125680"},{"taxonomy":"post_tag","embeddable":true,"href":"https:\/\/linitiative.ca\/International\/wp-json\/wp\/v2\/tags?post=125680"}],"curies":[{"name":"wp","href":"https:\/\/api.w.org\/{rel}","templated":true}]}}