{"id":125685,"date":"2021-08-31T06:00:00","date_gmt":"2021-08-31T10:00:00","guid":{"rendered":"https:\/\/linitiative.ca\/International\/medicaments-et-mesures-du-ministere-du-commerce\/"},"modified":"2021-08-31T06:00:00","modified_gmt":"2021-08-31T10:00:00","slug":"medicaments-et-mesures-du-ministere-du-commerce","status":"publish","type":"post","link":"https:\/\/linitiative.ca\/International\/medicaments-et-mesures-du-ministere-du-commerce\/","title":{"rendered":"M\u00e9dicaments et mesures  du minist\u00e8re du Commerce"},"content":{"rendered":"<div>Ceux qui activent dans le secteur pharmaceutique sont convaincus que la derni\u00e8re mesure du minist\u00e8re du Commerce et qui consiste \u00e0 durcir, encore plus, les mesures d\u2019importation pour la revente en l\u2019\u00e9tat, va<\/div>\n<p>Auteur:<br \/>\n<a href=\"https:\/\/www.lesoirdalgerie.com\/periscoop\/medicaments-et-mesures-du-ministere-du-commerce-66739\">Cliquez ici pour lire l&rsquo;article depuis sa source.<\/a><\/p>\n","protected":false},"excerpt":{"rendered":"<p>Ceux qui activent dans le secteur pharmaceutique sont convaincus que la derni\u00e8re mesure du minist\u00e8re du Commerce et qui consiste \u00e0 durcir, encore plus, les mesures d\u2019importation pour la revente en l\u2019\u00e9tat, va Auteur: Cliquez ici pour lire l&rsquo;article depuis sa source.<\/p>\n","protected":false},"author":1741,"featured_media":0,"comment_status":"closed","ping_status":"closed","sticky":false,"template":"","format":"standard","meta":{"fifu_image_url":"","fifu_image_alt":"","footnotes":""},"categories":[73,53],"tags":[],"class_list":["post-125685","post","type-post","status-publish","format-standard","hentry","category-actualite","category-algerie"],"_links":{"self":[{"href":"https:\/\/linitiative.ca\/International\/wp-json\/wp\/v2\/posts\/125685","targetHints":{"allow":["GET"]}}],"collection":[{"href":"https:\/\/linitiative.ca\/International\/wp-json\/wp\/v2\/posts"}],"about":[{"href":"https:\/\/linitiative.ca\/International\/wp-json\/wp\/v2\/types\/post"}],"author":[{"embeddable":true,"href":"https:\/\/linitiative.ca\/International\/wp-json\/wp\/v2\/users\/1741"}],"replies":[{"embeddable":true,"href":"https:\/\/linitiative.ca\/International\/wp-json\/wp\/v2\/comments?post=125685"}],"version-history":[{"count":0,"href":"https:\/\/linitiative.ca\/International\/wp-json\/wp\/v2\/posts\/125685\/revisions"}],"wp:attachment":[{"href":"https:\/\/linitiative.ca\/International\/wp-json\/wp\/v2\/media?parent=125685"}],"wp:term":[{"taxonomy":"category","embeddable":true,"href":"https:\/\/linitiative.ca\/International\/wp-json\/wp\/v2\/categories?post=125685"},{"taxonomy":"post_tag","embeddable":true,"href":"https:\/\/linitiative.ca\/International\/wp-json\/wp\/v2\/tags?post=125685"}],"curies":[{"name":"wp","href":"https:\/\/api.w.org\/{rel}","templated":true}]}}