{"id":125689,"date":"2021-08-31T10:52:24","date_gmt":"2021-08-31T14:52:24","guid":{"rendered":"https:\/\/linitiative.ca\/International\/coronavirus-lepidemie-est-entree-dans-une-phase-descendante-ministere-de-la-sante\/"},"modified":"2021-08-31T10:52:24","modified_gmt":"2021-08-31T14:52:24","slug":"coronavirus-lepidemie-est-entree-dans-une-phase-descendante-ministere-de-la-sante","status":"publish","type":"post","link":"https:\/\/linitiative.ca\/International\/coronavirus-lepidemie-est-entree-dans-une-phase-descendante-ministere-de-la-sante\/","title":{"rendered":"Coronavirus. L\u2019\u00e9pid\u00e9mie est entr\u00e9e dans une phase descendante [Minist\u00e8re de la Sant\u00e9]"},"content":{"rendered":"<div><img decoding=\"async\" width=\"746\" height=\"380\" src=\"https:\/\/linitiative.ca\/International\/wp-content\/uploads\/sites\/23\/2021\/08\/Covid19-Coronavirus-1.jpg\" class=\"attachment-post-thumbnail size-post-thumbnail wp-post-image\" alt=\"\" loading=\"lazy\" srcset=\"https:\/\/linitiative.ca\/International\/wp-content\/uploads\/sites\/23\/2021\/08\/Covid19-Coronavirus-1.jpg 746w, https:\/\/www.challenge.ma\/wp-content\/uploads\/2021\/08\/Covid19-Coronavirus-300x153.jpg 300w, https:\/\/www.challenge.ma\/wp-content\/uploads\/2021\/08\/Covid19-Coronavirus-360x183.jpg 360w\" sizes=\"auto, (max-width: 746px) 100vw, 746px\" itemprop=\"image\">Selon le minist\u00e8re de la Sant\u00e9, la vague \u00e9pid\u00e9mique de Covid-19 est en pleine phase descendante au Maroc apr\u00e8s le pic atteint vers la mi-ao\u00fbt. Les d\u00e9tails.\u00ab\u00a0L\u2019\u00e9tude des donn\u00e9es disponibles montrent que la courbe de l\u2019\u00e9pid\u00e9mie est entr\u00e9e dans une phase descendante apr\u00e8s une \u00e9tape de flamb\u00e9e des cas pendant<\/div>\n<p>Auteur: challenge<br \/>\n<a href=\"https:\/\/www.challenge.ma\/coronavirus-lepidemie-est-entree-dans-une-phase-descendante-ministere-de-la-sante-197016\/\">Cliquez ici pour lire l&rsquo;article depuis sa source.<\/a><\/p>\n","protected":false},"excerpt":{"rendered":"<p>Selon le minist\u00e8re de la Sant\u00e9, la vague \u00e9pid\u00e9mique de Covid-19 est en pleine phase descendante au Maroc apr\u00e8s le pic atteint vers la mi-ao\u00fbt. Les d\u00e9tails.\u00ab\u00a0L\u2019\u00e9tude des donn\u00e9es disponibles montrent que la courbe de l\u2019\u00e9pid\u00e9mie est entr\u00e9e dans une phase descendante apr\u00e8s une \u00e9tape de flamb\u00e9e des cas pendant Auteur: challenge Cliquez ici pour [&hellip;]<\/p>\n","protected":false},"author":1787,"featured_media":0,"comment_status":"closed","ping_status":"closed","sticky":false,"template":"","format":"standard","meta":{"fifu_image_url":"https:\/\/www.challenge.ma\/wp-content\/uploads\/2021\/08\/Covid19-Coronavirus.jpg","fifu_image_alt":"Coronavirus. L\u2019\u00e9pid\u00e9mie est entr\u00e9e dans une phase descendante [Minist\u00e8re de la Sant\u00e9]","footnotes":""},"categories":[78,54],"tags":[],"class_list":["post-125689","post","type-post","status-publish","format-standard","hentry","category-economie","category-maroc"],"_links":{"self":[{"href":"https:\/\/linitiative.ca\/International\/wp-json\/wp\/v2\/posts\/125689","targetHints":{"allow":["GET"]}}],"collection":[{"href":"https:\/\/linitiative.ca\/International\/wp-json\/wp\/v2\/posts"}],"about":[{"href":"https:\/\/linitiative.ca\/International\/wp-json\/wp\/v2\/types\/post"}],"author":[{"embeddable":true,"href":"https:\/\/linitiative.ca\/International\/wp-json\/wp\/v2\/users\/1787"}],"replies":[{"embeddable":true,"href":"https:\/\/linitiative.ca\/International\/wp-json\/wp\/v2\/comments?post=125689"}],"version-history":[{"count":0,"href":"https:\/\/linitiative.ca\/International\/wp-json\/wp\/v2\/posts\/125689\/revisions"}],"wp:attachment":[{"href":"https:\/\/linitiative.ca\/International\/wp-json\/wp\/v2\/media?parent=125689"}],"wp:term":[{"taxonomy":"category","embeddable":true,"href":"https:\/\/linitiative.ca\/International\/wp-json\/wp\/v2\/categories?post=125689"},{"taxonomy":"post_tag","embeddable":true,"href":"https:\/\/linitiative.ca\/International\/wp-json\/wp\/v2\/tags?post=125689"}],"curies":[{"name":"wp","href":"https:\/\/api.w.org\/{rel}","templated":true}]}}