{"id":125693,"date":"2021-08-31T12:05:00","date_gmt":"2021-08-31T16:05:00","guid":{"rendered":"https:\/\/linitiative.ca\/International\/evolution-du-coronavirus-au-maroc-4899-nouveaux-cas-860-948-au-total-mardi-31-aout-2021-a-16-heures\/"},"modified":"2021-08-31T12:05:00","modified_gmt":"2021-08-31T16:05:00","slug":"evolution-du-coronavirus-au-maroc-4899-nouveaux-cas-860-948-au-total-mardi-31-aout-2021-a-16-heures","status":"publish","type":"post","link":"https:\/\/linitiative.ca\/International\/evolution-du-coronavirus-au-maroc-4899-nouveaux-cas-860-948-au-total-mardi-31-aout-2021-a-16-heures\/","title":{"rendered":"\u00c9volution du coronavirus au Maroc. 4899 nouveaux cas, 860.948  au total, mardi 31 ao\u00fbt 2021 \u00e0 16 heures"},"content":{"rendered":"<div><img decoding=\"async\" width=\"1748\" height=\"1831\" src=\"https:\/\/linitiative.ca\/International\/wp-content\/uploads\/sites\/23\/2021\/08\/Graph-coronavirus-31-aout-2021.jpg\" class=\"attachment-post-thumbnail size-post-thumbnail wp-post-image\" alt=\"\" loading=\"lazy\" srcset=\"https:\/\/linitiative.ca\/International\/wp-content\/uploads\/sites\/23\/2021\/08\/Graph-coronavirus-31-aout-2021.jpg 1748w, https:\/\/www.challenge.ma\/wp-content\/uploads\/2021\/08\/Graph-coronavirus-31-aout-2021-286x300.jpg 286w, https:\/\/www.challenge.ma\/wp-content\/uploads\/2021\/08\/Graph-coronavirus-31-aout-2021-978x1024.jpg 978w, https:\/\/www.challenge.ma\/wp-content\/uploads\/2021\/08\/Graph-coronavirus-31-aout-2021-768x804.jpg 768w, https:\/\/www.challenge.ma\/wp-content\/uploads\/2021\/08\/Graph-coronavirus-31-aout-2021-1466x1536.jpg 1466w, https:\/\/www.challenge.ma\/wp-content\/uploads\/2021\/08\/Graph-coronavirus-31-aout-2021-360x377.jpg 360w, https:\/\/www.challenge.ma\/wp-content\/uploads\/2021\/08\/Graph-coronavirus-31-aout-2021-750x786.jpg 750w\" sizes=\"auto, (max-width: 1748px) 100vw, 1748px\" itemprop=\"image\">4899 nouveaux cas d\u2019infection au coronavirus ont \u00e9t\u00e9 confirm\u00e9s au Maroc durant les derni\u00e8res 24h, portant le nombre total de cas de contamination \u00e0\u00a0860.948, a annonc\u00e9 le minist\u00e8re de la Sant\u00e9.\u00a0Le nombre de personnes d\u00e9clar\u00e9es gu\u00e9ries\u00a0s\u2019est \u00e9lev\u00e9 \u00e0 793.607\u00a0avec 5813 r\u00e9missions suppl\u00e9mentaires, alors que le nombre de d\u00e9c\u00e8s a \u00e9t\u00e9<\/div>\n<p>Auteur: Karim Handaoui<br \/>\n<a href=\"https:\/\/www.challenge.ma\/evolution-du-coronavirus-au-maroc-4899-nouveaux-cas-860-948-au-total-mardi-31-aout-2021-a-16-heures-197022\/\">Cliquez ici pour lire l&rsquo;article depuis sa source.<\/a><\/p>\n","protected":false},"excerpt":{"rendered":"<p>4899 nouveaux cas d\u2019infection au coronavirus ont \u00e9t\u00e9 confirm\u00e9s au Maroc durant les derni\u00e8res 24h, portant le nombre total de cas de contamination \u00e0\u00a0860.948, a annonc\u00e9 le minist\u00e8re de la Sant\u00e9.\u00a0Le nombre de personnes d\u00e9clar\u00e9es gu\u00e9ries\u00a0s\u2019est \u00e9lev\u00e9 \u00e0 793.607\u00a0avec 5813 r\u00e9missions suppl\u00e9mentaires, alors que le nombre de d\u00e9c\u00e8s a \u00e9t\u00e9 Auteur: Karim Handaoui Cliquez ici [&hellip;]<\/p>\n","protected":false},"author":1787,"featured_media":0,"comment_status":"closed","ping_status":"closed","sticky":false,"template":"","format":"standard","meta":{"fifu_image_url":"https:\/\/www.challenge.ma\/wp-content\/uploads\/2021\/08\/Graph-coronavirus-31-aout-2021.jpg","fifu_image_alt":"\u00c9volution du coronavirus au Maroc. 4899 nouveaux cas, 860.948  au total, mardi 31 ao\u00fbt 2021 \u00e0 16 heures","footnotes":""},"categories":[78,54],"tags":[],"class_list":["post-125693","post","type-post","status-publish","format-standard","hentry","category-economie","category-maroc"],"_links":{"self":[{"href":"https:\/\/linitiative.ca\/International\/wp-json\/wp\/v2\/posts\/125693","targetHints":{"allow":["GET"]}}],"collection":[{"href":"https:\/\/linitiative.ca\/International\/wp-json\/wp\/v2\/posts"}],"about":[{"href":"https:\/\/linitiative.ca\/International\/wp-json\/wp\/v2\/types\/post"}],"author":[{"embeddable":true,"href":"https:\/\/linitiative.ca\/International\/wp-json\/wp\/v2\/users\/1787"}],"replies":[{"embeddable":true,"href":"https:\/\/linitiative.ca\/International\/wp-json\/wp\/v2\/comments?post=125693"}],"version-history":[{"count":0,"href":"https:\/\/linitiative.ca\/International\/wp-json\/wp\/v2\/posts\/125693\/revisions"}],"wp:attachment":[{"href":"https:\/\/linitiative.ca\/International\/wp-json\/wp\/v2\/media?parent=125693"}],"wp:term":[{"taxonomy":"category","embeddable":true,"href":"https:\/\/linitiative.ca\/International\/wp-json\/wp\/v2\/categories?post=125693"},{"taxonomy":"post_tag","embeddable":true,"href":"https:\/\/linitiative.ca\/International\/wp-json\/wp\/v2\/tags?post=125693"}],"curies":[{"name":"wp","href":"https:\/\/api.w.org\/{rel}","templated":true}]}}