{"id":125700,"date":"2021-08-31T16:30:30","date_gmt":"2021-08-31T20:30:30","guid":{"rendered":"https:\/\/linitiative.ca\/International\/tunisie-les-doses-de-vaccins-anti-covid-19-seront-disponibles-dans-1000-dispensaires-a-partir-de-demain\/"},"modified":"2021-08-31T16:30:30","modified_gmt":"2021-08-31T20:30:30","slug":"tunisie-les-doses-de-vaccins-anti-covid-19-seront-disponibles-dans-1000-dispensaires-a-partir-de-demain","status":"publish","type":"post","link":"https:\/\/linitiative.ca\/International\/tunisie-les-doses-de-vaccins-anti-covid-19-seront-disponibles-dans-1000-dispensaires-a-partir-de-demain\/","title":{"rendered":"Tunisie : Les doses de vaccins anti Covid-19 seront disponibles dans 1000 dispensaires \u00e0 partir de demain"},"content":{"rendered":"<div>\n<p>Le Charg\u00e9 de la gestion du minist\u00e8re de la Sant\u00e9, Ali Mrabet a supervis\u00e9 aujourd\u2019hui, mardi 31 ao\u00fbt 2021, la r\u00e9ception d\u2019un don de l\u2019Union Europ\u00e9enne compos\u00e9 d\u2019ambulances et d\u2019\u00e9quipements m\u00e9dicaux, dans le cadre du programme Essaha Aziza. A cette occasion, Mrabet a confirm\u00e9 que ces v\u00e9hicules seront distribu\u00e9s dans les r\u00e9gions int\u00e9rieures. Concernant la [\u2026]<\/p>\n<p>L\u2019article <a href=\"https:\/\/www.tunisienumerique.com\/tunisie-les-doses-de-vaccins-anti-covid-19-seront-disponibles-dans-1000-dispensaires-a-partir-de-demain\/\">Tunisie : Les doses de vaccins anti Covid-19 seront disponibles dans 1000 dispensaires \u00e0 partir de demain<\/a> est apparu en premier sur <a href=\"http:\/\/www.tunisienumerique.com\/\">Tunisie<\/a>.<\/p>\n<\/div>\n<p>Auteur: rania ben slimane<br \/>\n<a href=\"https:\/\/www.tunisienumerique.com\/tunisie-les-doses-de-vaccins-anti-covid-19-seront-disponibles-dans-1000-dispensaires-a-partir-de-demain\/\">Cliquez ici pour lire l&rsquo;article depuis sa source.<\/a><\/p>\n","protected":false},"excerpt":{"rendered":"<p>Le Charg\u00e9 de la gestion du minist\u00e8re de la Sant\u00e9, Ali Mrabet a supervis\u00e9 aujourd\u2019hui, mardi 31 ao\u00fbt 2021, la r\u00e9ception d\u2019un don de l\u2019Union Europ\u00e9enne compos\u00e9 d\u2019ambulances et d\u2019\u00e9quipements m\u00e9dicaux, dans le cadre du programme Essaha Aziza. A cette occasion, Mrabet a confirm\u00e9 que ces v\u00e9hicules seront distribu\u00e9s dans les r\u00e9gions int\u00e9rieures. Concernant la [&hellip;]<\/p>\n","protected":false},"author":1789,"featured_media":0,"comment_status":"closed","ping_status":"closed","sticky":false,"template":"","format":"standard","meta":{"fifu_image_url":"","fifu_image_alt":"","footnotes":""},"categories":[73,55],"tags":[],"class_list":["post-125700","post","type-post","status-publish","format-standard","hentry","category-actualite","category-tunisie"],"_links":{"self":[{"href":"https:\/\/linitiative.ca\/International\/wp-json\/wp\/v2\/posts\/125700","targetHints":{"allow":["GET"]}}],"collection":[{"href":"https:\/\/linitiative.ca\/International\/wp-json\/wp\/v2\/posts"}],"about":[{"href":"https:\/\/linitiative.ca\/International\/wp-json\/wp\/v2\/types\/post"}],"author":[{"embeddable":true,"href":"https:\/\/linitiative.ca\/International\/wp-json\/wp\/v2\/users\/1789"}],"replies":[{"embeddable":true,"href":"https:\/\/linitiative.ca\/International\/wp-json\/wp\/v2\/comments?post=125700"}],"version-history":[{"count":0,"href":"https:\/\/linitiative.ca\/International\/wp-json\/wp\/v2\/posts\/125700\/revisions"}],"wp:attachment":[{"href":"https:\/\/linitiative.ca\/International\/wp-json\/wp\/v2\/media?parent=125700"}],"wp:term":[{"taxonomy":"category","embeddable":true,"href":"https:\/\/linitiative.ca\/International\/wp-json\/wp\/v2\/categories?post=125700"},{"taxonomy":"post_tag","embeddable":true,"href":"https:\/\/linitiative.ca\/International\/wp-json\/wp\/v2\/tags?post=125700"}],"curies":[{"name":"wp","href":"https:\/\/api.w.org\/{rel}","templated":true}]}}