{"id":125701,"date":"2021-08-31T16:58:06","date_gmt":"2021-08-31T20:58:06","guid":{"rendered":"https:\/\/linitiative.ca\/International\/tunisie-inm-alerte-meteo\/"},"modified":"2021-08-31T16:58:06","modified_gmt":"2021-08-31T20:58:06","slug":"tunisie-inm-alerte-meteo","status":"publish","type":"post","link":"https:\/\/linitiative.ca\/International\/tunisie-inm-alerte-meteo\/","title":{"rendered":"Tunisie-INM : Alerte m\u00e9t\u00e9o"},"content":{"rendered":"<div>\n<p>L\u2019Institut National de M\u00e9t\u00e9orologie -INM a annonc\u00e9 dans un communiqu\u00e9 rendu public le 31 ao\u00fbt 2021, que les derni\u00e8res images satellites montrent une activit\u00e9 d\u2019orages dans le nord-est de l\u2019Alg\u00e9rie. Ajoutant qu\u2019il est pr\u00e9vu qu\u2019elle inclura progressivement dans les prochaines heures et dans un premier temps un certain nombre de d\u00e9l\u00e9gations du nord-ouest et du [\u2026]<\/p>\n<p>L\u2019article <a href=\"https:\/\/www.tunisienumerique.com\/tunisie-inm-alerte-meteo\/\">Tunisie-INM : Alerte m\u00e9t\u00e9o<\/a> est apparu en premier sur <a href=\"http:\/\/www.tunisienumerique.com\/\">Tunisie<\/a>.<\/p>\n<\/div>\n<p>Auteur: rania ben slimane<br \/>\n<a href=\"https:\/\/www.tunisienumerique.com\/tunisie-inm-alerte-meteo\/\">Cliquez ici pour lire l&rsquo;article depuis sa source.<\/a><\/p>\n","protected":false},"excerpt":{"rendered":"<p>L\u2019Institut National de M\u00e9t\u00e9orologie -INM a annonc\u00e9 dans un communiqu\u00e9 rendu public le 31 ao\u00fbt 2021, que les derni\u00e8res images satellites montrent une activit\u00e9 d\u2019orages dans le nord-est de l\u2019Alg\u00e9rie. Ajoutant qu\u2019il est pr\u00e9vu qu\u2019elle inclura progressivement dans les prochaines heures et dans un premier temps un certain nombre de d\u00e9l\u00e9gations du nord-ouest et du [&hellip;]<\/p>\n","protected":false},"author":1789,"featured_media":0,"comment_status":"closed","ping_status":"closed","sticky":false,"template":"","format":"standard","meta":{"fifu_image_url":"","fifu_image_alt":"","footnotes":""},"categories":[73,55],"tags":[],"class_list":["post-125701","post","type-post","status-publish","format-standard","hentry","category-actualite","category-tunisie"],"_links":{"self":[{"href":"https:\/\/linitiative.ca\/International\/wp-json\/wp\/v2\/posts\/125701","targetHints":{"allow":["GET"]}}],"collection":[{"href":"https:\/\/linitiative.ca\/International\/wp-json\/wp\/v2\/posts"}],"about":[{"href":"https:\/\/linitiative.ca\/International\/wp-json\/wp\/v2\/types\/post"}],"author":[{"embeddable":true,"href":"https:\/\/linitiative.ca\/International\/wp-json\/wp\/v2\/users\/1789"}],"replies":[{"embeddable":true,"href":"https:\/\/linitiative.ca\/International\/wp-json\/wp\/v2\/comments?post=125701"}],"version-history":[{"count":0,"href":"https:\/\/linitiative.ca\/International\/wp-json\/wp\/v2\/posts\/125701\/revisions"}],"wp:attachment":[{"href":"https:\/\/linitiative.ca\/International\/wp-json\/wp\/v2\/media?parent=125701"}],"wp:term":[{"taxonomy":"category","embeddable":true,"href":"https:\/\/linitiative.ca\/International\/wp-json\/wp\/v2\/categories?post=125701"},{"taxonomy":"post_tag","embeddable":true,"href":"https:\/\/linitiative.ca\/International\/wp-json\/wp\/v2\/tags?post=125701"}],"curies":[{"name":"wp","href":"https:\/\/api.w.org\/{rel}","templated":true}]}}