{"id":125702,"date":"2021-08-31T15:18:10","date_gmt":"2021-08-31T19:18:10","guid":{"rendered":"https:\/\/linitiative.ca\/International\/sortie-des-leaders-religieux-sur-la-conduite-de-la-transition-au-mali\/"},"modified":"2021-08-31T15:18:10","modified_gmt":"2021-08-31T19:18:10","slug":"sortie-des-leaders-religieux-sur-la-conduite-de-la-transition-au-mali","status":"publish","type":"post","link":"https:\/\/linitiative.ca\/International\/sortie-des-leaders-religieux-sur-la-conduite-de-la-transition-au-mali\/","title":{"rendered":"SORTIE DES LEADERS RELIGIEUX SUR LA CONDUITE DE LA TRANSITION AU MALI  \u00a0"},"content":{"rendered":"<div>\n<p><img decoding=\"async\" width=\"799\" height=\"449\" src=\"https:\/\/linitiative.ca\/International\/wp-content\/uploads\/sites\/23\/2021\/08\/MALI-4.jpg\" class=\"attachment- size- wp-post-image\" alt=\"\" loading=\"lazy\" style=\"float:left; margin:0 15px 15px 0;\" srcset=\"https:\/\/linitiative.ca\/International\/wp-content\/uploads\/sites\/23\/2021\/08\/MALI-4.jpg 799w, https:\/\/lepays.bf\/wp-content\/uploads\/2021\/08\/MALI-4-300x169.jpg 300w, https:\/\/lepays.bf\/wp-content\/uploads\/2021\/08\/MALI-4-768x432.jpg 768w, https:\/\/lepays.bf\/wp-content\/uploads\/2021\/08\/MALI-4-390x220.jpg 390w\" sizes=\"auto, (max-width: 799px) 100vw, 799px\">A six mois de l\u2019\u00e9ch\u00e9ance, la r\u00e9ussite de la Transition est devenue une pr\u00e9occupation majeure sur les rives du Djoliba. C\u2019est dans cette optique que, dans une d\u00e9claration commune rendue publique \u00e0 l\u2019issue d\u2019une r\u00e9union qui les regroupait le 30 ao\u00fbt dernier \u00e0 Bamako,\u00a0\u00a0 les leaders religieux de toutes les confessions religieuses du Mali ont \u2026<\/p>\n<p>L\u2019article <a rel=\"nofollow\" href=\"https:\/\/lepays.bf\/sortie-des-leaders-religieux-sur-la-conduite-de-la-transition-au-mali\/\">SORTIE DES LEADERS RELIGIEUX SUR LA CONDUITE DE LA TRANSITION AU MALI  \u00a0<\/a> est apparu en premier sur <a rel=\"nofollow\" href=\"https:\/\/lepays.bf\/\">Editions Le Pays<\/a>.<\/p>\n<\/div>\n<p>Auteur: Editions LEPAYS<br \/>\n<a href=\"https:\/\/lepays.bf\/sortie-des-leaders-religieux-sur-la-conduite-de-la-transition-au-mali\/\">Cliquez ici pour lire l&rsquo;article depuis sa source.<\/a><\/p>\n","protected":false},"excerpt":{"rendered":"<p>A six mois de l\u2019\u00e9ch\u00e9ance, la r\u00e9ussite de la Transition est devenue une pr\u00e9occupation majeure sur les rives du Djoliba. C\u2019est dans cette optique que, dans une d\u00e9claration commune rendue publique \u00e0 l\u2019issue d\u2019une r\u00e9union qui les regroupait le 30 ao\u00fbt dernier \u00e0 Bamako,\u00a0\u00a0 les leaders religieux de toutes les confessions religieuses du Mali ont [&hellip;]<\/p>\n","protected":false},"author":1813,"featured_media":0,"comment_status":"closed","ping_status":"closed","sticky":false,"template":"","format":"standard","meta":{"fifu_image_url":"https:\/\/lepays.bf\/wp-content\/uploads\/2021\/08\/MALI-4.jpg","fifu_image_alt":"SORTIE DES LEADERS RELIGIEUX SUR LA CONDUITE DE LA TRANSITION AU MALI  \u00a0","footnotes":""},"categories":[73,81],"tags":[],"class_list":["post-125702","post","type-post","status-publish","format-standard","hentry","category-actualite","category-burkina-faso"],"_links":{"self":[{"href":"https:\/\/linitiative.ca\/International\/wp-json\/wp\/v2\/posts\/125702","targetHints":{"allow":["GET"]}}],"collection":[{"href":"https:\/\/linitiative.ca\/International\/wp-json\/wp\/v2\/posts"}],"about":[{"href":"https:\/\/linitiative.ca\/International\/wp-json\/wp\/v2\/types\/post"}],"author":[{"embeddable":true,"href":"https:\/\/linitiative.ca\/International\/wp-json\/wp\/v2\/users\/1813"}],"replies":[{"embeddable":true,"href":"https:\/\/linitiative.ca\/International\/wp-json\/wp\/v2\/comments?post=125702"}],"version-history":[{"count":0,"href":"https:\/\/linitiative.ca\/International\/wp-json\/wp\/v2\/posts\/125702\/revisions"}],"wp:attachment":[{"href":"https:\/\/linitiative.ca\/International\/wp-json\/wp\/v2\/media?parent=125702"}],"wp:term":[{"taxonomy":"category","embeddable":true,"href":"https:\/\/linitiative.ca\/International\/wp-json\/wp\/v2\/categories?post=125702"},{"taxonomy":"post_tag","embeddable":true,"href":"https:\/\/linitiative.ca\/International\/wp-json\/wp\/v2\/tags?post=125702"}],"curies":[{"name":"wp","href":"https:\/\/api.w.org\/{rel}","templated":true}]}}