{"id":125704,"date":"2021-08-31T15:22:30","date_gmt":"2021-08-31T19:22:30","guid":{"rendered":"https:\/\/linitiative.ca\/International\/journee-de-colere-nationale-contre-salva-kiir-et-riek-machar\/"},"modified":"2021-08-31T15:22:30","modified_gmt":"2021-08-31T19:22:30","slug":"journee-de-colere-nationale-contre-salva-kiir-et-riek-machar","status":"publish","type":"post","link":"https:\/\/linitiative.ca\/International\/journee-de-colere-nationale-contre-salva-kiir-et-riek-machar\/","title":{"rendered":"JOURNEE DE COLERE NATIONALE CONTRE SALVA KIIR ET RIEK MACHAR"},"content":{"rendered":"<div>\n<p><img decoding=\"async\" width=\"592\" height=\"296\" src=\"https:\/\/linitiative.ca\/International\/wp-content\/uploads\/sites\/23\/2021\/08\/SOUDAN-1.jpg\" class=\"attachment- size- wp-post-image\" alt=\"\" loading=\"lazy\" style=\"float:left; margin:0 15px 15px 0;\" srcset=\"https:\/\/linitiative.ca\/International\/wp-content\/uploads\/sites\/23\/2021\/08\/SOUDAN-1.jpg 592w, https:\/\/lepays.bf\/wp-content\/uploads\/2021\/08\/SOUDAN-1-300x150.jpg 300w\" sizes=\"auto, (max-width: 592px) 100vw, 592px\">Juba, la capitale du Soudan du Sud, \u00e9tait, le 30 ao\u00fbt 2021, sur le pied de guerre. En effet, d\u00e8s les premi\u00e8res heures du jour, elle \u00e9tait plac\u00e9e sous tr\u00e8s haute surveillance polici\u00e8re pour dissuader la population de participer \u00e0 une journ\u00e9e de protestation jug\u00e9e ill\u00e9gale par les autorit\u00e9s. Ce, dans un contexte de tensions \u2026<\/p>\n<p>L\u2019article <a rel=\"nofollow\" href=\"https:\/\/lepays.bf\/journee-de-colere-nationale-contre-salva-kiir-et-riek-machar-2\/\">JOURNEE DE COLERE NATIONALE CONTRE SALVA KIIR ET RIEK MACHAR<\/a> est apparu en premier sur <a rel=\"nofollow\" href=\"https:\/\/lepays.bf\/\">Editions Le Pays<\/a>.<\/p>\n<\/div>\n<p>Auteur: Editions LEPAYS<br \/>\n<a href=\"https:\/\/lepays.bf\/journee-de-colere-nationale-contre-salva-kiir-et-riek-machar-2\/\">Cliquez ici pour lire l&rsquo;article depuis sa source.<\/a><\/p>\n","protected":false},"excerpt":{"rendered":"<p>Juba, la capitale du Soudan du Sud, \u00e9tait, le 30 ao\u00fbt 2021, sur le pied de guerre. En effet, d\u00e8s les premi\u00e8res heures du jour, elle \u00e9tait plac\u00e9e sous tr\u00e8s haute surveillance polici\u00e8re pour dissuader la population de participer \u00e0 une journ\u00e9e de protestation jug\u00e9e ill\u00e9gale par les autorit\u00e9s. Ce, dans un contexte de tensions [&hellip;]<\/p>\n","protected":false},"author":1813,"featured_media":0,"comment_status":"closed","ping_status":"closed","sticky":false,"template":"","format":"standard","meta":{"fifu_image_url":"https:\/\/lepays.bf\/wp-content\/uploads\/2021\/08\/SOUDAN-1.jpg","fifu_image_alt":"JOURNEE DE COLERE NATIONALE CONTRE SALVA KIIR ET RIEK MACHAR","footnotes":""},"categories":[73,81],"tags":[],"class_list":["post-125704","post","type-post","status-publish","format-standard","hentry","category-actualite","category-burkina-faso"],"_links":{"self":[{"href":"https:\/\/linitiative.ca\/International\/wp-json\/wp\/v2\/posts\/125704","targetHints":{"allow":["GET"]}}],"collection":[{"href":"https:\/\/linitiative.ca\/International\/wp-json\/wp\/v2\/posts"}],"about":[{"href":"https:\/\/linitiative.ca\/International\/wp-json\/wp\/v2\/types\/post"}],"author":[{"embeddable":true,"href":"https:\/\/linitiative.ca\/International\/wp-json\/wp\/v2\/users\/1813"}],"replies":[{"embeddable":true,"href":"https:\/\/linitiative.ca\/International\/wp-json\/wp\/v2\/comments?post=125704"}],"version-history":[{"count":0,"href":"https:\/\/linitiative.ca\/International\/wp-json\/wp\/v2\/posts\/125704\/revisions"}],"wp:attachment":[{"href":"https:\/\/linitiative.ca\/International\/wp-json\/wp\/v2\/media?parent=125704"}],"wp:term":[{"taxonomy":"category","embeddable":true,"href":"https:\/\/linitiative.ca\/International\/wp-json\/wp\/v2\/categories?post=125704"},{"taxonomy":"post_tag","embeddable":true,"href":"https:\/\/linitiative.ca\/International\/wp-json\/wp\/v2\/tags?post=125704"}],"curies":[{"name":"wp","href":"https:\/\/api.w.org\/{rel}","templated":true}]}}