{"id":125712,"date":"2021-08-31T15:18:02","date_gmt":"2021-08-31T19:18:02","guid":{"rendered":"https:\/\/linitiative.ca\/International\/jeux-paralympiques-une-nouvelle-medaille-dor-pour-lafrique-du-sud\/"},"modified":"2021-08-31T15:18:02","modified_gmt":"2021-08-31T19:18:02","slug":"jeux-paralympiques-une-nouvelle-medaille-dor-pour-lafrique-du-sud","status":"publish","type":"post","link":"https:\/\/linitiative.ca\/International\/jeux-paralympiques-une-nouvelle-medaille-dor-pour-lafrique-du-sud\/","title":{"rendered":"Jeux paralympiques : une nouvelle m\u00e9daille d\u2019or pour l\u2019Afrique du Sud"},"content":{"rendered":"<div>\n<p><img loading=\"lazy\" decoding=\"async\" width=\"1280\" height=\"854\" src=\"https:\/\/linitiative.ca\/International\/wp-content\/uploads\/sites\/23\/2021\/08\/16304374825527.jpg\" class=\"attachment-post-thumbnail size-post-thumbnail wp-post-image\" alt=\"\" srcset=\"https:\/\/linitiative.ca\/International\/wp-content\/uploads\/sites\/23\/2021\/08\/16304374825527.jpg 1280w, https:\/\/www.journalducameroun.com\/wp-content\/uploads\/2021\/08\/16304374825527-300x200.jpg 300w, https:\/\/www.journalducameroun.com\/wp-content\/uploads\/2021\/08\/16304374825527-768x512.jpg 768w, https:\/\/www.journalducameroun.com\/wp-content\/uploads\/2021\/08\/16304374825527-1024x683.jpg 1024w, https:\/\/www.journalducameroun.com\/wp-content\/uploads\/2021\/08\/16304374825527-659x440.jpg 659w, https:\/\/www.journalducameroun.com\/wp-content\/uploads\/2021\/08\/16304374825527-600x400.jpg 600w\" sizes=\"auto, (max-width: 1280px) 100vw, 1280px\"><\/p>\n<p>Pieter du Preez, champion du monde de paracyclisme, a remport\u00e9 mardi \u00e0 Tokyo (Japon) le concours de cyclisme sur route chez les hommes.\u00ab Je suis ravi de la performance impressionnante de nos athl\u00e8tes aux Jeux paralympiques\u00a0\u00bb, a d\u00e9clar\u00e9 Nathi Mthethwa, ministre sud-africain des Sports. La victoire de Pieter Du Preez devant l&rsquo;Italien Fabrizio Cornegliani et le Belge Maxime Hordies porte \u00e0 quatre le nombre de m\u00e9dailles de la d\u00e9l\u00e9gation sud-africaine. \u00a0<\/p>\n<p>En effet, Ntandjo Mahlangu, amput\u00e9 des deux jambes, a gagn\u00e9 le concours de saut en longueur avec un bond de 7,17 m. Sa compatriote Anrune Weyers s&rsquo;est par\u00e9e d&rsquo;or sur le 400 m\u00e8tres. Louzanne Coetzee, malvoyante, s&rsquo;est adjug\u00e9 l&rsquo;argent sur le 1500 m\u00e8tres avec un chrono de 4 minutes, 40 secondes et 96 tierces. Un temps qui lui permet d&rsquo;\u00e9tablir un nouveau record d&rsquo;Afrique.<\/p>\n<p>Cela autorise M. Mthethwa \u00e0 dire : \u00ab Nous assistons actuellement \u00e0 une performance remarquable de nos ambassadeurs dans le sport. Je suis convaincu que nous sommes destin\u00e9s \u00e0 truster les sommets dans les classements mondiaux \u00bb.<\/p>\n<p>Cet article <a rel=\"nofollow\" href=\"https:\/\/www.journalducameroun.com\/jeux-paralympiques-une-nouvelle-medaille-dor-pour-lafrique-du-sud\/\">Jeux paralympiques : une nouvelle m\u00e9daille d\u2019or pour l\u2019Afrique du Sud<\/a> est apparu en premier sur <a rel=\"nofollow\" href=\"https:\/\/www.journalducameroun.com\/\">Journal du Cameroun<\/a>.<\/p>\n<\/div>\n<p>Auteur: APA News<br \/>\n<a href=\"https:\/\/www.journalducameroun.com\/jeux-paralympiques-une-nouvelle-medaille-dor-pour-lafrique-du-sud\/\">Cliquez ici pour lire l&rsquo;article depuis sa source.<\/a><\/p>\n","protected":false},"excerpt":{"rendered":"<p>Pieter du Preez, champion du monde de paracyclisme, a remport\u00e9 mardi \u00e0 Tokyo (Japon) le concours de cyclisme sur route chez les hommes.\u00ab Je suis ravi de la performance impressionnante de nos athl\u00e8tes aux Jeux paralympiques\u00a0\u00bb, a d\u00e9clar\u00e9 Nathi Mthethwa, ministre sud-africain des Sports. La victoire de Pieter Du Preez devant l&rsquo;Italien Fabrizio Cornegliani et [&hellip;]<\/p>\n","protected":false},"author":1965,"featured_media":0,"comment_status":"closed","ping_status":"closed","sticky":false,"template":"","format":"standard","meta":{"fifu_image_url":"https:\/\/www.journalducameroun.com\/wp-content\/uploads\/2021\/08\/16304374825527.jpg","fifu_image_alt":"Jeux paralympiques : une nouvelle m\u00e9daille d\u2019or pour l\u2019Afrique du Sud","footnotes":""},"categories":[73,82],"tags":[],"class_list":["post-125712","post","type-post","status-publish","format-standard","hentry","category-actualite","category-cameroun"],"_links":{"self":[{"href":"https:\/\/linitiative.ca\/International\/wp-json\/wp\/v2\/posts\/125712","targetHints":{"allow":["GET"]}}],"collection":[{"href":"https:\/\/linitiative.ca\/International\/wp-json\/wp\/v2\/posts"}],"about":[{"href":"https:\/\/linitiative.ca\/International\/wp-json\/wp\/v2\/types\/post"}],"author":[{"embeddable":true,"href":"https:\/\/linitiative.ca\/International\/wp-json\/wp\/v2\/users\/1965"}],"replies":[{"embeddable":true,"href":"https:\/\/linitiative.ca\/International\/wp-json\/wp\/v2\/comments?post=125712"}],"version-history":[{"count":0,"href":"https:\/\/linitiative.ca\/International\/wp-json\/wp\/v2\/posts\/125712\/revisions"}],"wp:attachment":[{"href":"https:\/\/linitiative.ca\/International\/wp-json\/wp\/v2\/media?parent=125712"}],"wp:term":[{"taxonomy":"category","embeddable":true,"href":"https:\/\/linitiative.ca\/International\/wp-json\/wp\/v2\/categories?post=125712"},{"taxonomy":"post_tag","embeddable":true,"href":"https:\/\/linitiative.ca\/International\/wp-json\/wp\/v2\/tags?post=125712"}],"curies":[{"name":"wp","href":"https:\/\/api.w.org\/{rel}","templated":true}]}}