{"id":125714,"date":"2021-08-31T15:18:03","date_gmt":"2021-08-31T19:18:03","guid":{"rendered":"https:\/\/linitiative.ca\/International\/partenariat-rotary-et-sodefor-pour-rehabiliter-le-couvert-forestier-ivoirien\/"},"modified":"2021-08-31T15:18:03","modified_gmt":"2021-08-31T19:18:03","slug":"partenariat-rotary-et-sodefor-pour-rehabiliter-le-couvert-forestier-ivoirien","status":"publish","type":"post","link":"https:\/\/linitiative.ca\/International\/partenariat-rotary-et-sodefor-pour-rehabiliter-le-couvert-forestier-ivoirien\/","title":{"rendered":"Partenariat Rotary et Sodefor pour r\u00e9habiliter le couvert forestier ivoirien"},"content":{"rendered":"<div>\n<p><img loading=\"lazy\" decoding=\"async\" width=\"920\" height=\"425\" src=\"https:\/\/linitiative.ca\/International\/wp-content\/uploads\/sites\/23\/2021\/08\/16304374832121.jpg\" class=\"attachment-post-thumbnail size-post-thumbnail wp-post-image\" alt=\"\" srcset=\"https:\/\/linitiative.ca\/International\/wp-content\/uploads\/sites\/23\/2021\/08\/16304374832121.jpg 920w, https:\/\/www.journalducameroun.com\/wp-content\/uploads\/2021\/08\/16304374832121-300x139.jpg 300w, https:\/\/www.journalducameroun.com\/wp-content\/uploads\/2021\/08\/16304374832121-768x355.jpg 768w, https:\/\/www.journalducameroun.com\/wp-content\/uploads\/2021\/08\/16304374832121-600x277.jpg 600w\" sizes=\"auto, (max-width: 920px) 100vw, 920px\"><\/p>\n<p>Dans le cadre de la r\u00e9habilitation du couvert forestier ivoirien, le Rotary club Abidjan Bi\u00e9try a sign\u00e9 lundi une convention de partenariat avec la Soci\u00e9t\u00e9 de d\u00e9veloppement des for\u00eats (Sodefor).<\/p>\n<p>Selon le pr\u00e9sident du Rotary club Abidjan Bi\u00e9try, Arthur Assi, cette signature de convention de partenariat vise \u00e0 \u00ab\u00a0mat\u00e9rialiser\u00a0\u00bb les engagements dans la lutte contre la d\u00e9forestation en C\u00f4te d&rsquo;Ivoire. \u00a0\u00a0<\/p>\n<p>\u00ab\u00a0Le Rotary club Abidjan Bi\u00e9try marque ainsi un pas de son engagement international en d\u00e9cidant, sur trois ann\u00e9es renouvelables, de faire du reboisement\u00a0\u00bb, a d\u00e9clar\u00e9 M. Arthur Assi. \u00a0<\/p>\n<p>Avec le Rotary club Abidjan Bi\u00e9try, la Sodefor a \u00ab\u00a0rebois\u00e9 12 hectares, soit quatre hectares par an\u00a0\u00bb, a indiqu\u00e9 la directrice du centre de gestion de cette structure publique \u00e0 Abidjan, le colonel Hortense Kouassi.\u00a0<\/p>\n<p>\u00ab\u00a0Nous souhaitons avoir d&rsquo;autres partenaires pour nous aider \u00e0 r\u00e9habiliter nos for\u00eats qui sont en chute libre et dans des for\u00eats d\u00e9grad\u00e9es\u00a0\u00bb, a-t-elle poursuivi.\u00a0<\/p>\n<p>Depuis 2020, le Rotary a fait de l&rsquo;environnement le septi\u00e8me axe strat\u00e9gique de l&rsquo;organisation, qui envisage d&rsquo;investir davantage dans les questions li\u00e9es au changement climatique.\u00a0<\/p>\n<p>Le couvert forestier ivoirien est estim\u00e9 \u00e0 2,97 millions d&rsquo;hectares, soit 9,2% du territoire national, selon un Inventaire forestier et faunique national (IFFN) rendu public fin juin 2021.<\/p>\n<p>Les r\u00e9sultats de cet inventaire ressortent que seulement 13,3% des for\u00eats class\u00e9es et 32,2% des aires prot\u00e9g\u00e9es contiennent encore une ouverture foresti\u00e8re.<\/p>\n<p>Au cours de ces 60 derni\u00e8res ann\u00e9es, c&rsquo;est 90% de la surface de la for\u00eat ivoirienne qui a disparu, faisant de la C\u00f4te d&rsquo;Ivoire un des pays de l&rsquo;Afrique dont le taux annuel de d\u00e9forestation est le plus \u00e9lev\u00e9.<\/p>\n<p>Cet article <a rel=\"nofollow\" href=\"https:\/\/www.journalducameroun.com\/partenariat-rotary-et-sodefor-pour-rehabiliter-le-couvert-forestier-ivoirien\/\">Partenariat Rotary et Sodefor pour r\u00e9habiliter le couvert forestier ivoirien<\/a> est apparu en premier sur <a rel=\"nofollow\" href=\"https:\/\/www.journalducameroun.com\/\">Journal du Cameroun<\/a>.<\/p>\n<\/div>\n<p>Auteur: APA News<br \/>\n<a href=\"https:\/\/www.journalducameroun.com\/partenariat-rotary-et-sodefor-pour-rehabiliter-le-couvert-forestier-ivoirien\/\">Cliquez ici pour lire l&rsquo;article depuis sa source.<\/a><\/p>\n","protected":false},"excerpt":{"rendered":"<p>Dans le cadre de la r\u00e9habilitation du couvert forestier ivoirien, le Rotary club Abidjan Bi\u00e9try a sign\u00e9 lundi une convention de partenariat avec la Soci\u00e9t\u00e9 de d\u00e9veloppement des for\u00eats (Sodefor). Selon le pr\u00e9sident du Rotary club Abidjan Bi\u00e9try, Arthur Assi, cette signature de convention de partenariat vise \u00e0 \u00ab\u00a0mat\u00e9rialiser\u00a0\u00bb les engagements dans la lutte contre [&hellip;]<\/p>\n","protected":false},"author":1965,"featured_media":0,"comment_status":"closed","ping_status":"closed","sticky":false,"template":"","format":"standard","meta":{"fifu_image_url":"https:\/\/www.journalducameroun.com\/wp-content\/uploads\/2021\/08\/16304374832121.jpg","fifu_image_alt":"Partenariat Rotary et Sodefor pour r\u00e9habiliter le couvert forestier ivoirien","footnotes":""},"categories":[73,82],"tags":[],"class_list":["post-125714","post","type-post","status-publish","format-standard","hentry","category-actualite","category-cameroun"],"_links":{"self":[{"href":"https:\/\/linitiative.ca\/International\/wp-json\/wp\/v2\/posts\/125714","targetHints":{"allow":["GET"]}}],"collection":[{"href":"https:\/\/linitiative.ca\/International\/wp-json\/wp\/v2\/posts"}],"about":[{"href":"https:\/\/linitiative.ca\/International\/wp-json\/wp\/v2\/types\/post"}],"author":[{"embeddable":true,"href":"https:\/\/linitiative.ca\/International\/wp-json\/wp\/v2\/users\/1965"}],"replies":[{"embeddable":true,"href":"https:\/\/linitiative.ca\/International\/wp-json\/wp\/v2\/comments?post=125714"}],"version-history":[{"count":0,"href":"https:\/\/linitiative.ca\/International\/wp-json\/wp\/v2\/posts\/125714\/revisions"}],"wp:attachment":[{"href":"https:\/\/linitiative.ca\/International\/wp-json\/wp\/v2\/media?parent=125714"}],"wp:term":[{"taxonomy":"category","embeddable":true,"href":"https:\/\/linitiative.ca\/International\/wp-json\/wp\/v2\/categories?post=125714"},{"taxonomy":"post_tag","embeddable":true,"href":"https:\/\/linitiative.ca\/International\/wp-json\/wp\/v2\/tags?post=125714"}],"curies":[{"name":"wp","href":"https:\/\/api.w.org\/{rel}","templated":true}]}}