{"id":125716,"date":"2021-08-31T17:18:02","date_gmt":"2021-08-31T21:18:02","guid":{"rendered":"https:\/\/linitiative.ca\/International\/maroc-coup-denvoi-de-la-campagne-de-vaccination-des-eleves-de-12-17-ans\/"},"modified":"2021-08-31T17:18:02","modified_gmt":"2021-08-31T21:18:02","slug":"maroc-coup-denvoi-de-la-campagne-de-vaccination-des-eleves-de-12-17-ans","status":"publish","type":"post","link":"https:\/\/linitiative.ca\/International\/maroc-coup-denvoi-de-la-campagne-de-vaccination-des-eleves-de-12-17-ans\/","title":{"rendered":"Maroc: Coup d\u2019envoi de la campagne de vaccination des \u00e9l\u00e8ves de 12-17 ans\u00a0"},"content":{"rendered":"<div>\n<p><img loading=\"lazy\" decoding=\"async\" width=\"318\" height=\"159\" src=\"https:\/\/linitiative.ca\/International\/wp-content\/uploads\/sites\/23\/2021\/08\/16304446835743.jpg\" class=\"attachment-post-thumbnail size-post-thumbnail wp-post-image\" alt=\"\" srcset=\"https:\/\/linitiative.ca\/International\/wp-content\/uploads\/sites\/23\/2021\/08\/16304446835743.jpg 318w, https:\/\/www.journalducameroun.com\/wp-content\/uploads\/2021\/08\/16304446835743-300x150.jpg 300w\" sizes=\"auto, (max-width: 318px) 100vw, 318px\"><\/p>\n<p>La campagne de vaccination des \u00e9l\u00e8ves \u00e2g\u00e9s de 12 \u00e0 17 ans a d\u00e9marr\u00e9 au Maroc ce mardi. Le coup d&rsquo;envoi a \u00e9t\u00e9 donn\u00e9 par le ministre de l&rsquo;Education nationale et son homologue de la Sant\u00e9.\u00a0Plus de 3 millions d&rsquo;\u00e9l\u00e8ves, aussi bien du secteur public que priv\u00e9, vont b\u00e9n\u00e9ficier de cette vaste op\u00e9ration de vaccination.\u00a0<\/p>\n<p>Cot\u00e9 organisation, la tutelle a privil\u00e9gi\u00e9 la proximit\u00e9 puisque la vaccination se fera essentiellement dans les \u00e9coles mobilis\u00e9s \u00e0 cet effet.\u00a0<\/p>\n<p>Au total, 419 vaccinodromes seront am\u00e9nag\u00e9s au niveau des \u00e9tablissements scolaires en plus des unit\u00e9s mobiles mobilis\u00e9es dans le monde rural pour faciliter l&rsquo;op\u00e9ration de vaccination.\u00a0<\/p>\n<p>Certains sont d\u00e9j\u00e0 op\u00e9rationnels, notamment dans les villes de Casablanca et de Sal\u00e9.<\/p>\n<p>Cet article <a rel=\"nofollow\" href=\"https:\/\/www.journalducameroun.com\/maroc-coup-denvoi-de-la-campagne-de-vaccination-des-eleves-de-12-17-ans\/\">Maroc: Coup d\u2019envoi de la campagne de vaccination des \u00e9l\u00e8ves de 12-17 ans\u00a0<\/a> est apparu en premier sur <a rel=\"nofollow\" href=\"https:\/\/www.journalducameroun.com\/\">Journal du Cameroun<\/a>.<\/p>\n<\/div>\n<p>Auteur: APA News<br \/>\n<a href=\"https:\/\/www.journalducameroun.com\/maroc-coup-denvoi-de-la-campagne-de-vaccination-des-eleves-de-12-17-ans\/\">Cliquez ici pour lire l&rsquo;article depuis sa source.<\/a><\/p>\n","protected":false},"excerpt":{"rendered":"<p>La campagne de vaccination des \u00e9l\u00e8ves \u00e2g\u00e9s de 12 \u00e0 17 ans a d\u00e9marr\u00e9 au Maroc ce mardi. Le coup d&rsquo;envoi a \u00e9t\u00e9 donn\u00e9 par le ministre de l&rsquo;Education nationale et son homologue de la Sant\u00e9.\u00a0Plus de 3 millions d&rsquo;\u00e9l\u00e8ves, aussi bien du secteur public que priv\u00e9, vont b\u00e9n\u00e9ficier de cette vaste op\u00e9ration de vaccination.\u00a0 [&hellip;]<\/p>\n","protected":false},"author":1965,"featured_media":0,"comment_status":"closed","ping_status":"closed","sticky":false,"template":"","format":"standard","meta":{"fifu_image_url":"https:\/\/www.journalducameroun.com\/wp-content\/uploads\/2021\/08\/16304446835743.jpg","fifu_image_alt":"Maroc: Coup d\u2019envoi de la campagne de vaccination des \u00e9l\u00e8ves de 12-17 ans\u00a0","footnotes":""},"categories":[73,82],"tags":[],"class_list":["post-125716","post","type-post","status-publish","format-standard","hentry","category-actualite","category-cameroun"],"_links":{"self":[{"href":"https:\/\/linitiative.ca\/International\/wp-json\/wp\/v2\/posts\/125716","targetHints":{"allow":["GET"]}}],"collection":[{"href":"https:\/\/linitiative.ca\/International\/wp-json\/wp\/v2\/posts"}],"about":[{"href":"https:\/\/linitiative.ca\/International\/wp-json\/wp\/v2\/types\/post"}],"author":[{"embeddable":true,"href":"https:\/\/linitiative.ca\/International\/wp-json\/wp\/v2\/users\/1965"}],"replies":[{"embeddable":true,"href":"https:\/\/linitiative.ca\/International\/wp-json\/wp\/v2\/comments?post=125716"}],"version-history":[{"count":0,"href":"https:\/\/linitiative.ca\/International\/wp-json\/wp\/v2\/posts\/125716\/revisions"}],"wp:attachment":[{"href":"https:\/\/linitiative.ca\/International\/wp-json\/wp\/v2\/media?parent=125716"}],"wp:term":[{"taxonomy":"category","embeddable":true,"href":"https:\/\/linitiative.ca\/International\/wp-json\/wp\/v2\/categories?post=125716"},{"taxonomy":"post_tag","embeddable":true,"href":"https:\/\/linitiative.ca\/International\/wp-json\/wp\/v2\/tags?post=125716"}],"curies":[{"name":"wp","href":"https:\/\/api.w.org\/{rel}","templated":true}]}}