{"id":125722,"date":"2021-08-31T09:36:36","date_gmt":"2021-08-31T13:36:36","guid":{"rendered":"https:\/\/linitiative.ca\/International\/decentralisation-regions-et-communes-esperent-au-moins-595-milliards-de-fcfa-en-2022\/"},"modified":"2021-08-31T09:36:36","modified_gmt":"2021-08-31T13:36:36","slug":"decentralisation-regions-et-communes-esperent-au-moins-595-milliards-de-fcfa-en-2022","status":"publish","type":"post","link":"https:\/\/linitiative.ca\/International\/decentralisation-regions-et-communes-esperent-au-moins-595-milliards-de-fcfa-en-2022\/","title":{"rendered":"D\u00e9centralisation : r\u00e9gions et communes esp\u00e8rent au moins 595 milliards de FCFA en 2022"},"content":{"rendered":"<div>\n<p>Les travaux d\u2019\u00e9laboration du budget de l\u2019Etat pour l\u2019exercice 2022 s\u2019acc\u00e9l\u00e8rent. Du 23 au 31 ao\u00fbt 2021, le minist\u00e8re de l\u2019Economie, de la planification et de l\u2019am\u00e9nagement du territoire (Minepat) conduit, \u00e0 Yaound\u00e9, <strong><a href=\"https:\/\/ecomatin.net\/depenses-publiques-le-cameroun-a-besoin-de-5800-milliards-sur-la-periode-2022-2024\/\">les\u00a0Conf\u00e9rences \u00e9largies de programmation budg\u00e9taire et de la performance associ\u00e9e pour la p\u00e9riode 2022-2024<\/a><\/strong>. Cette rencontre fait suite \u00e0 la Conf\u00e9rence budg\u00e9taire conjointe Minfi\/Minepat\/Minddevel qui \u00e9tait organis\u00e9e quelques jours plus t\u00f4t, du 18 au 19 ao\u00fbt, en vue de l\u2019examen et l\u2019approbation de la r\u00e9partition des cr\u00e9dits aux Collectivit\u00e9s Territoriales D\u00e9centralis\u00e9es et aux R\u00e9gions.<\/p>\n<p><strong>Lire aussi<\/strong> : <strong><a href=\"https:\/\/ecomatin.net\/decentralisation-20-textes-dapplications-toujours-attendus\/\">D\u00e9centralisation : 20 textes d\u2019applications toujours attendus<\/a><\/strong><\/p>\n<p>Pour l\u2019occasion, les pr\u00e9sidents des conseils r\u00e9gionaux, les secr\u00e9taires g\u00e9n\u00e9raux ainsi que les \u00e9quipes en charge du budget au minist\u00e8re des Finances (Minfi), au minist\u00e8re de la D\u00e9centralisation et du d\u00e9veloppement local (Minddevel) et au Minepat se sont attel\u00e9s \u00e0 examiner et approuver la r\u00e9partition des cr\u00e9dits faite par chaque Collectivit\u00e9s Territoriales D\u00e9centralis\u00e9es (CTD), selon les grandes masses de classification \u00e9conomique par programme et par action ; de renforcer l\u2019alignement des budgets et programmes des Collectivit\u00e9s Territoriales aux politiques nationales, ainsi que l\u2019am\u00e9lioration de la coh\u00e9rence entre les programmes des diff\u00e9rentes cat\u00e9gories de CTD, et de v\u00e9rifier les \u00e9l\u00e9ments de co\u00fbts des activit\u00e9s propos\u00e9es. Ceci, en application des dispositions du Code g\u00e9n\u00e9ral des CTD et de la Loi 2018 portant r\u00e9gime financier de l\u2019Etat.<\/p>\n<p><strong>Lire aussi<\/strong> : <strong><a href=\"https:\/\/ecomatin.net\/decentralisation-2377-milliards-affectes-aux-regionss-et-communes-en-2021\/\">D\u00e9centralisation : 237,7 milliards affect\u00e9s aux r\u00e9gions et communes en 2021<\/a><\/strong><\/p>\n<p>Cette ann\u00e9e, le retard pris dans le transfert de certaines comp\u00e9tences \u00e0 l\u2019ensemble des CTD a entrain\u00e9 la r\u00e9vision \u00e0 la baisse des provisions budg\u00e9taires d\u00e9di\u00e9es. De 590 milliards de FCFA dans la loi de finances initiale, elles sont tomb\u00e9es \u00e0 237,7 milliards dans la loi de finances rectificative. Nul ne doute qu\u2019avec les mesures correctives prescrites par le Premier ministre au cours du conseil national de la d\u00e9centralisation, en juin dernier, l\u2019enveloppe des ressources transf\u00e9r\u00e9es devrait retrouver sa consistance l\u2019ann\u00e9e prochaine.<\/p>\n<p><strong>R\u00e9partition<\/strong><\/p>\n<p>Selon les projections du gouvernement, les ressources budg\u00e9taires totales se situeraient \u00e0 5649,7 milliards de FCFA en 2022 avec des recettes internes et dons estim\u00e9es \u00e0 3973,2 milliards de FCFA. Si l\u2019on consid\u00e8re une estimation basse, les CTD devraient recevoir 595,98 milliards de FCFA soit 15% des recettes transf\u00e9rables de l\u2019Etat apr\u00e8s d\u00e9duction des emprunts (3973,2 milliards). Mais en int\u00e9grant les ressources mises \u00e0 la disposition des R\u00e9gions, les ressources transf\u00e9r\u00e9es avoisineraient 22% des ressources internes soit 874,1 milliards. Avant la finalisation du projet de budget, les pr\u00e9occupations d\u2019\u00e9quit\u00e9 dans la r\u00e9partition des ressources transf\u00e9r\u00e9es devraient \u00eatre adress\u00e9es dans les prochaines semaines, en collaboration avec les administrations concern\u00e9es.<\/p>\n<p><strong>Lire aussi<\/strong> : <strong><a href=\"https:\/\/ecomatin.net\/decentralisation-400-000-f-a-700-000-f-mois-aux-executifs-regionaux-pour-tuer-le-temps\/\">D\u00e9centralisation : 400 000 F \u00e0 700 000 F\/mois aux ex\u00e9cutifs r\u00e9gionaux pour \u201ctuer\u201d le temps<\/a><\/strong><\/p>\n<p>De fait, \u201cle transfert effectif des comp\u00e9tences et des ressources associ\u00e9es aux collectivit\u00e9s territoriales d\u00e9centralis\u00e9es\u201d est la priorit\u00e9 du gouvernement dans le cadre de la d\u00e9centralisation en 2022, selon le Document de programmation \u00e9conomique et budg\u00e9taire \u00e0 moyen terme 2022-2024. Pour s\u2019assurer de la capacit\u00e9 des collectivit\u00e9s territoriales d\u00e9centralis\u00e9es \u00e0 absorber autant de moyens, le gouvernement a entrepris d\u2019\u00e9laborer des r\u00e9f\u00e9rences sur les co\u00fbts des projets relevant du domaine des comp\u00e9tences transf\u00e9r\u00e9es au profit des CTD, en vue d\u2019une meilleure ma\u00eetrise des co\u00fbts, notamment en mati\u00e8re des infrastructures. Plus sp\u00e9cifiquement, le gouvernement entend mettre en place un cadre juridique sp\u00e9cifique pour la maturation des projets pr\u00e9par\u00e9s par les CTD.<\/p>\n<p><strong>Lire aussi<\/strong> : <strong><a href=\"https:\/\/ecomatin.net\/depenses-publiques-le-cameroun-a-besoin-de-5800-milliards-sur-la-periode-2022-2024\/\">D\u00e9penses publiques : le Cameroun a besoin de 5800 milliards sur la p\u00e9riode 2022-2024<\/a><\/strong><\/p>\n<p>L\u2019article <a rel=\"nofollow\" href=\"https:\/\/ecomatin.net\/decentralisation-regions-et-communes-esperent-au-moins-595-milliards-de-fcfa-en-2022\/\">D\u00e9centralisation : r\u00e9gions et communes esp\u00e8rent au moins 595 milliards de FCFA en 2022<\/a> est apparu en premier sur <a rel=\"nofollow\" href=\"https:\/\/ecomatin.net\/\">EcoMatin<\/a>.<\/p>\n<\/div>\n<p>Auteur: Philipe NSOA<br \/>\n<a href=\"https:\/\/ecomatin.net\/decentralisation-regions-et-communes-esperent-au-moins-595-milliards-de-fcfa-en-2022\/\">Cliquez ici pour lire l&rsquo;article depuis sa source.<\/a><\/p>\n","protected":false},"excerpt":{"rendered":"<p>Les travaux d\u2019\u00e9laboration du budget de l\u2019Etat pour l\u2019exercice 2022 s\u2019acc\u00e9l\u00e8rent. Du 23 au 31 ao\u00fbt 2021, le minist\u00e8re de l\u2019Economie, de la planification et de l\u2019am\u00e9nagement du territoire (Minepat) conduit, \u00e0 Yaound\u00e9, les\u00a0Conf\u00e9rences \u00e9largies de programmation budg\u00e9taire et de la performance associ\u00e9e pour la p\u00e9riode 2022-2024. Cette rencontre fait suite \u00e0 la Conf\u00e9rence budg\u00e9taire [&hellip;]<\/p>\n","protected":false},"author":1969,"featured_media":0,"comment_status":"closed","ping_status":"closed","sticky":false,"template":"","format":"standard","meta":{"fifu_image_url":"","fifu_image_alt":"","footnotes":""},"categories":[82,78],"tags":[],"class_list":["post-125722","post","type-post","status-publish","format-standard","hentry","category-cameroun","category-economie"],"_links":{"self":[{"href":"https:\/\/linitiative.ca\/International\/wp-json\/wp\/v2\/posts\/125722","targetHints":{"allow":["GET"]}}],"collection":[{"href":"https:\/\/linitiative.ca\/International\/wp-json\/wp\/v2\/posts"}],"about":[{"href":"https:\/\/linitiative.ca\/International\/wp-json\/wp\/v2\/types\/post"}],"author":[{"embeddable":true,"href":"https:\/\/linitiative.ca\/International\/wp-json\/wp\/v2\/users\/1969"}],"replies":[{"embeddable":true,"href":"https:\/\/linitiative.ca\/International\/wp-json\/wp\/v2\/comments?post=125722"}],"version-history":[{"count":0,"href":"https:\/\/linitiative.ca\/International\/wp-json\/wp\/v2\/posts\/125722\/revisions"}],"wp:attachment":[{"href":"https:\/\/linitiative.ca\/International\/wp-json\/wp\/v2\/media?parent=125722"}],"wp:term":[{"taxonomy":"category","embeddable":true,"href":"https:\/\/linitiative.ca\/International\/wp-json\/wp\/v2\/categories?post=125722"},{"taxonomy":"post_tag","embeddable":true,"href":"https:\/\/linitiative.ca\/International\/wp-json\/wp\/v2\/tags?post=125722"}],"curies":[{"name":"wp","href":"https:\/\/api.w.org\/{rel}","templated":true}]}}