{"id":125723,"date":"2021-08-31T09:46:40","date_gmt":"2021-08-31T13:46:40","guid":{"rendered":"https:\/\/linitiative.ca\/International\/le-cameroun-et-la-commission-des-etats-unis-pour-lafrique-passent-en-revue-leur-cooperation\/"},"modified":"2021-08-31T09:46:40","modified_gmt":"2021-08-31T13:46:40","slug":"le-cameroun-et-la-commission-des-etats-unis-pour-lafrique-passent-en-revue-leur-cooperation","status":"publish","type":"post","link":"https:\/\/linitiative.ca\/International\/le-cameroun-et-la-commission-des-etats-unis-pour-lafrique-passent-en-revue-leur-cooperation\/","title":{"rendered":"Le Cameroun et la Commission des Etats unis pour l\u2019Afrique passent en revue leur coop\u00e9ration"},"content":{"rendered":"<div>\n<p>Le ministre de l\u2019Economie, de la planification et de l\u2019am\u00e9nagement du territoire (Minepat), Alamine Ousmane Mey a re\u00e7u le 30 ao\u00fbt 2021, le\u00a0Directeur sortant du Bureau sous-r\u00e9gional Afrique centrale, de la Commission Economique des Nations Unies pour l\u2019Afrique (CEA), Antonio Pedro. Arriv\u00e9 en fin de s\u00e9jour au Cameroun, ce diplomate onusien est venu \u00ab\u00a0remercier le ministre Alamine Ousmane Mey pour la qualit\u00e9 de la collaboration que nous avons eu durant mes 05 ann\u00e9es pass\u00e9es au Cameroun\u00a0(\u2026) et dire au-revoir \u00bb, a-t-il confi\u00e9 au sortir de cette rencontre. C\u2019\u00e9tait alors l\u2019occasion pour les deux personnalit\u00e9s de faire le point sur les relations entre la CEA et l\u2019Etat du Cameroun, \u00e0 travers le Minepat, qui est selon Antonio Pedro \u00ab\u00a0le\u00a0minist\u00e8re avec lequel la CEA travaille le plus\u00a0\u00bb.<\/p>\n<p><strong>Lire aussi<\/strong> : <strong><a href=\"https:\/\/ecomatin.net\/renforcement-des-capacites-les-fonctionnaires-a-lecole-de-la-mise-en-oeuvre-de-la-snd30\/\">Renforcement des capacit\u00e9s : les fonctionnaires \u00e0 l\u2019\u00e9cole de la mise en \u0153uvre de la SND30<\/a><\/strong><\/p>\n<p>Dans le registre de la coop\u00e9ration du Cameroun et de la CEA sous l\u2019\u00e8re du Mozambicain, l\u2019on peut noter plusieurs activit\u00e9s. Notamment\u00a0\u00a0le renforcement des capacit\u00e9s des agents publics Camerounais dans divers domaines\u00a0; l\u2019accompagnement du Cameroun \u00e0 la mise en \u0153uvre de la Zone de libre-\u00e9change continentale africaine\u00a0; l\u2019adoption en septembre 2017 du \u00ab\u00a0consensus de Douala\u00a0\u00bb, qui porte sur la diversification \u00e9conomique. Le programme mis en \u0153uvre depuis 2017 par le gouvernement camerounais avait \u00e9t\u00e9\u00a0adopt\u00e9 pour les pays d\u2019Afrique centrale pour r\u00e9pondre \u00e0 la probl\u00e9matique de la chute des prix des mati\u00e8res premi\u00e8res.\u00a0Il faudrait \u00e9galement ajouter \u00e0 ceci plusieurs \u00e9tudes et l\u2019\u00e9laboration des orientations macro-\u00e9conomiques et structurelles pour acc\u00e9l\u00e9rer la diversification \u00e0 la fois horizontale et verticale des pays de la Cemac.<\/p>\n<p><strong>Lire aussi<\/strong> : <strong><a href=\"https:\/\/ecomatin.net\/planification-ladministration-interne-du-minepat-a-lecole-de-la-snd30\/\">Planification : l\u2019administration interne du Minepat \u00e0 l\u2019\u00e9cole de la SND30<\/a><\/strong><\/p>\n<p>Un autre volet sur lequel les deux personnalit\u00e9s se sont appesanties dans leurs \u00e9changes est la transformation structurelle. Le diplomate s\u2019est r\u00e9joui de l\u2019importance que le gouvernement accorde \u00e0 ce pan \u00a0qui est le premier pilier de la strat\u00e9gie nationale de d\u00e9veloppement. L\u2019h\u00f4te du Minepat profitera de l\u2019occasion pour confier\u00a0que \u00ab\u00a0la CEA va continuer de travailler avec le Minepat et avec le Cameroun pour la mise en \u0153uvre de la Strat\u00e9gie nationale de d\u00e9veloppement\u00a0\u00bb.<\/p>\n<p>Rappelons que c\u2019est en octobre 2016 qu\u2019Antonio Pedro d\u00e9posait ses\u00a0Lettres d\u2019introduction en terre camerounaise. Ce dernier s\u2019envole donc pour l\u2019Ethiopie, o\u00f9 il mettra aussi \u00e0 profit ses 30 ann\u00e9es d\u2019exp\u00e9rience dans les probl\u00e9matiques de d\u00e9veloppement.<\/p>\n<p><strong>Lire aussi<\/strong> : <strong><a href=\"https:\/\/ecomatin.net\/partenariat-public-prive-la-cea-et-aliko-dangote-lancent-une-coalition-pour-la-sante\/\">Partenariat Public priv\u00e9: la CEA et Aliko Dangote lancent une coalition pour la sant\u00e9<\/a><\/strong><\/p>\n<p>L\u2019article <a rel=\"nofollow\" href=\"https:\/\/ecomatin.net\/le-cameroun-et-la-commission-des-etats-unis-pour-lafrique-passent-en-revue-leur-cooperation\/\">Le Cameroun et la Commission des Etats unis pour l\u2019Afrique passent en revue leur coop\u00e9ration<\/a> est apparu en premier sur <a rel=\"nofollow\" href=\"https:\/\/ecomatin.net\/\">EcoMatin<\/a>.<\/p>\n<\/div>\n<p>Auteur: Cindy MBALA<br \/>\n<a href=\"https:\/\/ecomatin.net\/le-cameroun-et-la-commission-des-etats-unis-pour-lafrique-passent-en-revue-leur-cooperation\/\">Cliquez ici pour lire l&rsquo;article depuis sa source.<\/a><\/p>\n","protected":false},"excerpt":{"rendered":"<p>Le ministre de l\u2019Economie, de la planification et de l\u2019am\u00e9nagement du territoire (Minepat), Alamine Ousmane Mey a re\u00e7u le 30 ao\u00fbt 2021, le\u00a0Directeur sortant du Bureau sous-r\u00e9gional Afrique centrale, de la Commission Economique des Nations Unies pour l\u2019Afrique (CEA), Antonio Pedro. Arriv\u00e9 en fin de s\u00e9jour au Cameroun, ce diplomate onusien est venu \u00ab\u00a0remercier le [&hellip;]<\/p>\n","protected":false},"author":1969,"featured_media":0,"comment_status":"closed","ping_status":"closed","sticky":false,"template":"","format":"standard","meta":{"fifu_image_url":"","fifu_image_alt":"","footnotes":""},"categories":[82,78],"tags":[],"class_list":["post-125723","post","type-post","status-publish","format-standard","hentry","category-cameroun","category-economie"],"_links":{"self":[{"href":"https:\/\/linitiative.ca\/International\/wp-json\/wp\/v2\/posts\/125723","targetHints":{"allow":["GET"]}}],"collection":[{"href":"https:\/\/linitiative.ca\/International\/wp-json\/wp\/v2\/posts"}],"about":[{"href":"https:\/\/linitiative.ca\/International\/wp-json\/wp\/v2\/types\/post"}],"author":[{"embeddable":true,"href":"https:\/\/linitiative.ca\/International\/wp-json\/wp\/v2\/users\/1969"}],"replies":[{"embeddable":true,"href":"https:\/\/linitiative.ca\/International\/wp-json\/wp\/v2\/comments?post=125723"}],"version-history":[{"count":0,"href":"https:\/\/linitiative.ca\/International\/wp-json\/wp\/v2\/posts\/125723\/revisions"}],"wp:attachment":[{"href":"https:\/\/linitiative.ca\/International\/wp-json\/wp\/v2\/media?parent=125723"}],"wp:term":[{"taxonomy":"category","embeddable":true,"href":"https:\/\/linitiative.ca\/International\/wp-json\/wp\/v2\/categories?post=125723"},{"taxonomy":"post_tag","embeddable":true,"href":"https:\/\/linitiative.ca\/International\/wp-json\/wp\/v2\/tags?post=125723"}],"curies":[{"name":"wp","href":"https:\/\/api.w.org\/{rel}","templated":true}]}}