{"id":125726,"date":"2021-08-31T15:34:03","date_gmt":"2021-08-31T19:34:03","guid":{"rendered":"https:\/\/linitiative.ca\/International\/droit-de-reponse-joseph-didier-kadji-ecrit-a-ecomatin\/"},"modified":"2021-08-31T15:34:03","modified_gmt":"2021-08-31T19:34:03","slug":"droit-de-reponse-joseph-didier-kadji-ecrit-a-ecomatin","status":"publish","type":"post","link":"https:\/\/linitiative.ca\/International\/droit-de-reponse-joseph-didier-kadji-ecrit-a-ecomatin\/","title":{"rendered":"Droit de r\u00e9ponse: Joseph Didier Kadji \u00e9crit \u00e0 EcoMatin"},"content":{"rendered":"<div>\n<p>Monsieur Joseph Didier KADJI prend acte de la d\u00e9cision de ses fr\u00e8res et s\u0153urs de l\u2019\u00e9carter du r\u00e8glement de la succession de son p\u00e8re Monsieur Kadji Joseph Defosso.<\/p>\n<p>Depuis le d\u00e9c\u00e8s de ce dernier, Monsieur Joseph Didier Kadji, regrette n\u2019avoir eu aucun contact avec sa famille, et n\u2019a appris l\u2019existence de proc\u00e9dures entre eux, que par la voie du journal ECOMATIN du 08 mai 2020, apr\u00e8s trois ans de silence, citant tous les enfants du d\u00e9funt sauf lui.<\/p>\n<p>C\u2019est au travers de cet article qu\u2019il a d\u00e9couvert alors, la tenue d\u2019une assembl\u00e9e g\u00e9n\u00e9rale de la soci\u00e9t\u00e9 SCI CHIMEDE, \u00e0 laquelle il n\u2019a pas \u00e9t\u00e9 convoqu\u00e9.<\/p>\n<p>Monsieur Joseph Didier Kadji se pose l\u00e9gitimement la question sur l\u2019existence de testament le privant de tous droits dans la succession de son p\u00e8re dont, notamment, la SCI CHIMEDE qui devrait faire partie.<\/p>\n<p>Monsieur Joseph Didier Kadji pr\u00e9cise en outre n\u2019avoir jamais re\u00e7u une quelconque donation de son vivant, si ce n\u2019est la mise \u00e0 disposition d\u2019un petit local \u00e0 Paris.<\/p>\n<p>Monsieur Joseph Didier Kadji se d\u00e9solidarise des discordes et proc\u00e9dures animant les deux clans form\u00e9s au sein m\u00eame de sa famille.<\/p>\n<p>Il se r\u00e9serve le droit de diffuser d\u2019autres informations dans une \u00e9mission audiovisuelle. Les avocats de Mr Kadji Joseph Didier au Barreau du Cameroun et en France annoncent pour l\u2019instant de toute instance judiciaire.<\/p>\n<p>L\u2019article <a rel=\"nofollow\" href=\"https:\/\/ecomatin.net\/droit-de-reponse-joseph-didier-kadji-ecrit-a-ecomatin\/\">Droit de r\u00e9ponse: Joseph Didier Kadji \u00e9crit \u00e0 EcoMatin<\/a> est apparu en premier sur <a rel=\"nofollow\" href=\"https:\/\/ecomatin.net\/\">EcoMatin<\/a>.<\/p>\n<\/div>\n<p>Auteur: Cedrick JIONGO<br \/>\n<a href=\"https:\/\/ecomatin.net\/droit-de-reponse-joseph-didier-kadji-ecrit-a-ecomatin\/\">Cliquez ici pour lire l&rsquo;article depuis sa source.<\/a><\/p>\n","protected":false},"excerpt":{"rendered":"<p>Monsieur Joseph Didier KADJI prend acte de la d\u00e9cision de ses fr\u00e8res et s\u0153urs de l\u2019\u00e9carter du r\u00e8glement de la succession de son p\u00e8re Monsieur Kadji Joseph Defosso. Depuis le d\u00e9c\u00e8s de ce dernier, Monsieur Joseph Didier Kadji, regrette n\u2019avoir eu aucun contact avec sa famille, et n\u2019a appris l\u2019existence de proc\u00e9dures entre eux, que [&hellip;]<\/p>\n","protected":false},"author":1969,"featured_media":0,"comment_status":"closed","ping_status":"closed","sticky":false,"template":"","format":"standard","meta":{"fifu_image_url":"","fifu_image_alt":"","footnotes":""},"categories":[82,78],"tags":[],"class_list":["post-125726","post","type-post","status-publish","format-standard","hentry","category-cameroun","category-economie"],"_links":{"self":[{"href":"https:\/\/linitiative.ca\/International\/wp-json\/wp\/v2\/posts\/125726","targetHints":{"allow":["GET"]}}],"collection":[{"href":"https:\/\/linitiative.ca\/International\/wp-json\/wp\/v2\/posts"}],"about":[{"href":"https:\/\/linitiative.ca\/International\/wp-json\/wp\/v2\/types\/post"}],"author":[{"embeddable":true,"href":"https:\/\/linitiative.ca\/International\/wp-json\/wp\/v2\/users\/1969"}],"replies":[{"embeddable":true,"href":"https:\/\/linitiative.ca\/International\/wp-json\/wp\/v2\/comments?post=125726"}],"version-history":[{"count":0,"href":"https:\/\/linitiative.ca\/International\/wp-json\/wp\/v2\/posts\/125726\/revisions"}],"wp:attachment":[{"href":"https:\/\/linitiative.ca\/International\/wp-json\/wp\/v2\/media?parent=125726"}],"wp:term":[{"taxonomy":"category","embeddable":true,"href":"https:\/\/linitiative.ca\/International\/wp-json\/wp\/v2\/categories?post=125726"},{"taxonomy":"post_tag","embeddable":true,"href":"https:\/\/linitiative.ca\/International\/wp-json\/wp\/v2\/tags?post=125726"}],"curies":[{"name":"wp","href":"https:\/\/api.w.org\/{rel}","templated":true}]}}