{"id":125735,"date":"2021-09-01T11:14:43","date_gmt":"2021-09-01T15:14:43","guid":{"rendered":"https:\/\/linitiative.ca\/International\/apple-bientot-au-morocco-mall\/"},"modified":"2021-09-01T11:14:43","modified_gmt":"2021-09-01T15:14:43","slug":"apple-bientot-au-morocco-mall","status":"publish","type":"post","link":"https:\/\/linitiative.ca\/International\/apple-bientot-au-morocco-mall\/","title":{"rendered":"Apple bient\u00f4t au Morocco Mall !"},"content":{"rendered":"<div>\n<p><img decoding=\"async\" width=\"300\" height=\"153\" src=\"https:\/\/linitiative.ca\/International\/wp-content\/uploads\/sites\/23\/2021\/09\/Morocco-Mall-300x153-1.jpg\" class=\"attachment-medium size-medium wp-post-image\" alt=\"\" loading=\"lazy\" srcset=\"\/\/aujourdhui.ma\/wp-content\/uploads\/2021\/09\/Morocco-Mall-300x153.jpg 300w, \/\/aujourdhui.ma\/wp-content\/uploads\/2021\/09\/Morocco-Mall-274x140.jpg 274w, \/\/aujourdhui.ma\/wp-content\/uploads\/2021\/09\/Morocco-Mall.jpg 746w, \/\/aujourdhui.ma\/wp-content\/uploads\/2021\/09\/Morocco-Mall-165x84.jpg 165w, \/\/aujourdhui.ma\/wp-content\/uploads\/2021\/09\/Morocco-Mall-702x358.jpg 702w\" sizes=\"auto, (max-width: 300px) 100vw, 300px\"><\/p>\n<p><span style=\"color: #800000;\"><strong>La marque \u00e0 la pomme ouvrira bient\u00f4t au Morocco Mall \u00e0 travers Uno.ma, 1er r\u00e9seau de revendeurs agr\u00e9\u00e9s Apple au Maroc.<\/strong> <\/span><span id=\"more-385590\"><\/span><\/p>\n<p>Ce nouveau magasin proposera un univers \u00e0 100% d\u00e9di\u00e9 \u00e0 la marque Apple, incluant toute la gamme des iPhone, iPad, MacBook pro, MacBook Air et IMac.<\/p>\n<p>D\u00e9j\u00e0 pr\u00e9sent \u00e0 travers 7 magasins dans 4 villes du Maroc, \u00e0 savoir Casablanca, Rabat, Agadir et Tanger, le r\u00e9seau compte r\u00e9aliser d\u2019autres ouvertures prochainement.<\/p>\n<\/div>\n<p>Auteur: ALM<br \/>\n<a href=\"https:\/\/aujourdhui.ma\/actualite\/apple-bientot-au-morocco-mall\">Cliquez ici pour lire l&rsquo;article depuis sa source.<\/a><\/p>\n","protected":false},"excerpt":{"rendered":"<p>La marque \u00e0 la pomme ouvrira bient\u00f4t au Morocco Mall \u00e0 travers Uno.ma, 1er r\u00e9seau de revendeurs agr\u00e9\u00e9s Apple au Maroc. Ce nouveau magasin proposera un univers \u00e0 100% d\u00e9di\u00e9 \u00e0 la marque Apple, incluant toute la gamme des iPhone, iPad, MacBook pro, MacBook Air et IMac. D\u00e9j\u00e0 pr\u00e9sent \u00e0 travers 7 magasins dans 4 [&hellip;]<\/p>\n","protected":false},"author":1759,"featured_media":0,"comment_status":"closed","ping_status":"closed","sticky":false,"template":"","format":"standard","meta":{"fifu_image_url":"https:\/\/aujourdhui.ma\/wp-content\/uploads\/2021\/09\/Morocco-Mall-300x153.jpg","fifu_image_alt":"Apple bient\u00f4t au Morocco Mall !","footnotes":""},"categories":[73,54],"tags":[],"class_list":["post-125735","post","type-post","status-publish","format-standard","hentry","category-actualite","category-maroc"],"_links":{"self":[{"href":"https:\/\/linitiative.ca\/International\/wp-json\/wp\/v2\/posts\/125735","targetHints":{"allow":["GET"]}}],"collection":[{"href":"https:\/\/linitiative.ca\/International\/wp-json\/wp\/v2\/posts"}],"about":[{"href":"https:\/\/linitiative.ca\/International\/wp-json\/wp\/v2\/types\/post"}],"author":[{"embeddable":true,"href":"https:\/\/linitiative.ca\/International\/wp-json\/wp\/v2\/users\/1759"}],"replies":[{"embeddable":true,"href":"https:\/\/linitiative.ca\/International\/wp-json\/wp\/v2\/comments?post=125735"}],"version-history":[{"count":0,"href":"https:\/\/linitiative.ca\/International\/wp-json\/wp\/v2\/posts\/125735\/revisions"}],"wp:attachment":[{"href":"https:\/\/linitiative.ca\/International\/wp-json\/wp\/v2\/media?parent=125735"}],"wp:term":[{"taxonomy":"category","embeddable":true,"href":"https:\/\/linitiative.ca\/International\/wp-json\/wp\/v2\/categories?post=125735"},{"taxonomy":"post_tag","embeddable":true,"href":"https:\/\/linitiative.ca\/International\/wp-json\/wp\/v2\/tags?post=125735"}],"curies":[{"name":"wp","href":"https:\/\/api.w.org\/{rel}","templated":true}]}}