{"id":125737,"date":"2021-08-31T14:00:00","date_gmt":"2021-08-31T18:00:00","guid":{"rendered":"https:\/\/linitiative.ca\/International\/les-centres-commerciaux-denoncent-une-confusion-totale-des-clients\/"},"modified":"2021-08-31T14:00:00","modified_gmt":"2021-08-31T18:00:00","slug":"les-centres-commerciaux-denoncent-une-confusion-totale-des-clients","status":"publish","type":"post","link":"https:\/\/linitiative.ca\/International\/les-centres-commerciaux-denoncent-une-confusion-totale-des-clients\/","title":{"rendered":"Les centres commerciaux d\u00e9noncent une \u00ab\u00a0confusion totale\u00a0\u00bb des clients"},"content":{"rendered":"<div>\n<p class=\"has-text-align-center has-vivid-red-color has-text-color\">A <strong>cause du pass sanitaire en France<\/strong><\/p>\n<p class=\"has-black-color has-text-color\"><strong>La mise en place du pass sanitaire dans certains centres commerciaux fran\u00e7ais porte pr\u00e9judice \u00e0 la fr\u00e9quentation globale, en raison d\u2019une \u00ab\u00a0confusion totale dans l\u2019esprit de nos concitoyens\u00a0\u00bb, selon l\u2019organisation patronale du secteur qui demande mardi sa suspension.<\/strong><\/p>\n<p class=\"has-black-color has-text-color\">Le Conseil national des centres commerciaux (CNCC) \u00e9voque \u00ab\u00a0une chute d\u2019un quart de la fr\u00e9quentation dans l\u2019ensemble des centres commerciaux\u00a0\u00bb par rapport \u00e0 ao\u00fbt 2019, \u00ab\u00a0non seulement (dans) les grands centres commerciaux m\u00e9tropolitains soumis au contr\u00f4le du pass sanitaire dans lesquels elle atteint 30% \u00e0 40% mais \u00e9galement (dans) tous les centres dans l\u2019ensemble des territoires\u00a0\u00bb.<\/p>\n<p class=\"has-black-color has-text-color\">\u00ab\u00a0La confusion est totale dans l\u2019esprit de nos concitoyens, entre la question des plus de 20.000 m\u00e8tres carr\u00e9s, celle du taux d\u2019incidence, les endroits o\u00f9 le taux est bas et o\u00f9 les arr\u00eat\u00e9s ne sont pas retir\u00e9s, les d\u00e9partements o\u00f9 les arr\u00eat\u00e9s ont \u00e9t\u00e9 suspendus\u00a0\u00bb (Yvelines, Haut-Rhin, Essonne), regrettait lundi aupr\u00e8s de l\u2019AFP le d\u00e9l\u00e9gu\u00e9 g\u00e9n\u00e9ral du CNCC, Gontran Th\u00fcring. \u00ab\u00a0L\u2019incertitude est l\u2019ennemi de la confiance et de la consommation.\u00a0\u00bb<\/p>\n<p class=\"has-black-color has-text-color\">Une suspension a notamment \u00e9t\u00e9 demand\u00e9e dans la capitale, et une audience doit avoir lieu mardi au tribunal administratif de Paris.<\/p>\n<p class=\"has-black-color has-text-color\">D\u00e9but ao\u00fbt, le gouvernement avait demand\u00e9 aux pr\u00e9fets d\u2019imposer le pass sanitaire pour les surfaces de plus de 20.000 m2 dans les d\u00e9partements o\u00f9 le taux d\u2019incidence de l\u2019\u00e9pid\u00e9mie d\u00e9passe les 200 pour 100.000 habitants sur une semaine, toujours dans l\u2019id\u00e9e de freiner la propagation de l\u2019\u00e9pid\u00e9mie de Covid-19.<\/p>\n<p class=\"has-black-color has-text-color\">Depuis, le tribunal administratif de Versailles et celui de Strasbourg notamment ont suspendu les arr\u00eat\u00e9s pr\u00e9fectoraux dans leurs d\u00e9partements, estimant qu\u2019ils emp\u00eachaient un acc\u00e8s libre aux biens de premi\u00e8re n\u00e9cessit\u00e9.<\/p>\n<p class=\"has-black-color has-text-color\">De son c\u00f4t\u00e9 et \u00e0 l\u2019approche de la rentr\u00e9e scolaire, le CNCC \u00ab\u00a0demande officiellement au gouvernement de suspendre cette mesure\u00a0\u00bb, qu\u2019il juge \u00ab\u00a0in\u00e9quitable pour toutes les familles\u00a0\u00bb, \u00ab\u00a0discriminatoire puisque les autres formes de commerce n\u2019y sont pas soumises\u00a0\u00bb et \u00ab\u00a0superflue\u00a0\u00bb en raison du protocole sanitaire toujours en vigueur dans les commerces.<\/p>\n<p>L\u2019article <a rel=\"nofollow\" href=\"http:\/\/albayane.press.ma\/les-centres-commerciaux-denoncent-une-confusion-totale-des-clients.html\">Les centres commerciaux d\u00e9noncent une \u00ab\u00a0confusion totale\u00a0\u00bb des clients<\/a> est apparu en premier sur <a rel=\"nofollow\" href=\"http:\/\/albayane.press.ma\/\">ALBAYANE<\/a>.<\/p>\n<\/div>\n<p>Auteur: M&rsquo;hammed rahal<br \/>\n<a href=\"http:\/\/albayane.press.ma\/les-centres-commerciaux-denoncent-une-confusion-totale-des-clients.html\">Cliquez ici pour lire l&rsquo;article depuis sa source.<\/a><\/p>\n","protected":false},"excerpt":{"rendered":"<p>A cause du pass sanitaire en France La mise en place du pass sanitaire dans certains centres commerciaux fran\u00e7ais porte pr\u00e9judice \u00e0 la fr\u00e9quentation globale, en raison d\u2019une \u00ab\u00a0confusion totale dans l\u2019esprit de nos concitoyens\u00a0\u00bb, selon l\u2019organisation patronale du secteur qui demande mardi sa suspension. Le Conseil national des centres commerciaux (CNCC) \u00e9voque \u00ab\u00a0une chute [&hellip;]<\/p>\n","protected":false},"author":1760,"featured_media":0,"comment_status":"closed","ping_status":"closed","sticky":false,"template":"","format":"standard","meta":{"fifu_image_url":"","fifu_image_alt":"","footnotes":""},"categories":[73,54],"tags":[],"class_list":["post-125737","post","type-post","status-publish","format-standard","hentry","category-actualite","category-maroc"],"_links":{"self":[{"href":"https:\/\/linitiative.ca\/International\/wp-json\/wp\/v2\/posts\/125737","targetHints":{"allow":["GET"]}}],"collection":[{"href":"https:\/\/linitiative.ca\/International\/wp-json\/wp\/v2\/posts"}],"about":[{"href":"https:\/\/linitiative.ca\/International\/wp-json\/wp\/v2\/types\/post"}],"author":[{"embeddable":true,"href":"https:\/\/linitiative.ca\/International\/wp-json\/wp\/v2\/users\/1760"}],"replies":[{"embeddable":true,"href":"https:\/\/linitiative.ca\/International\/wp-json\/wp\/v2\/comments?post=125737"}],"version-history":[{"count":0,"href":"https:\/\/linitiative.ca\/International\/wp-json\/wp\/v2\/posts\/125737\/revisions"}],"wp:attachment":[{"href":"https:\/\/linitiative.ca\/International\/wp-json\/wp\/v2\/media?parent=125737"}],"wp:term":[{"taxonomy":"category","embeddable":true,"href":"https:\/\/linitiative.ca\/International\/wp-json\/wp\/v2\/categories?post=125737"},{"taxonomy":"post_tag","embeddable":true,"href":"https:\/\/linitiative.ca\/International\/wp-json\/wp\/v2\/tags?post=125737"}],"curies":[{"name":"wp","href":"https:\/\/api.w.org\/{rel}","templated":true}]}}