{"id":125744,"date":"2021-09-01T11:00:00","date_gmt":"2021-09-01T15:00:00","guid":{"rendered":"https:\/\/linitiative.ca\/International\/les-forces-du-pad-denoncent-les-agissements-repetes-du-pouvoir-marocain\/"},"modified":"2021-09-01T11:00:00","modified_gmt":"2021-09-01T15:00:00","slug":"les-forces-du-pad-denoncent-les-agissements-repetes-du-pouvoir-marocain","status":"publish","type":"post","link":"https:\/\/linitiative.ca\/International\/les-forces-du-pad-denoncent-les-agissements-repetes-du-pouvoir-marocain\/","title":{"rendered":"Les forces du PAD d\u00e9noncent \u00ab\u00a0les agissements r\u00e9p\u00e9t\u00e9s du pouvoir marocain\u00a0\u00bb"},"content":{"rendered":"<div>Les Forces du pacte de l&rsquo;Alternative d\u00e9mocratique (PAD) ont d\u00e9nonc\u00e9 dans un long communiqu\u00e9 publi\u00e9 ce mercredi \u00ab les agissements r\u00e9p\u00e9t\u00e9s du pouvoir marocain, notamment par la voix de son repr\u00e9sentant au niveau des Nations Unies<\/div>\n<p>Auteur:<br \/>\n<a href=\"https:\/\/www.liberte-algerie.com\/actualite\/les-forces-du-pad-denoncent-les-agissements-repetes-du-pouvoir-marocain-364297\">Cliquez ici pour lire l&rsquo;article depuis sa source.<\/a><\/p>\n","protected":false},"excerpt":{"rendered":"<p>Les Forces du pacte de l&rsquo;Alternative d\u00e9mocratique (PAD) ont d\u00e9nonc\u00e9 dans un long communiqu\u00e9 publi\u00e9 ce mercredi \u00ab les agissements r\u00e9p\u00e9t\u00e9s du pouvoir marocain, notamment par la voix de son repr\u00e9sentant au niveau des Nations Unies Auteur: Cliquez ici pour lire l&rsquo;article depuis sa source.<\/p>\n","protected":false},"author":1742,"featured_media":0,"comment_status":"closed","ping_status":"closed","sticky":false,"template":"","format":"standard","meta":{"fifu_image_url":"","fifu_image_alt":"","footnotes":""},"categories":[73,53],"tags":[],"class_list":["post-125744","post","type-post","status-publish","format-standard","hentry","category-actualite","category-algerie"],"_links":{"self":[{"href":"https:\/\/linitiative.ca\/International\/wp-json\/wp\/v2\/posts\/125744","targetHints":{"allow":["GET"]}}],"collection":[{"href":"https:\/\/linitiative.ca\/International\/wp-json\/wp\/v2\/posts"}],"about":[{"href":"https:\/\/linitiative.ca\/International\/wp-json\/wp\/v2\/types\/post"}],"author":[{"embeddable":true,"href":"https:\/\/linitiative.ca\/International\/wp-json\/wp\/v2\/users\/1742"}],"replies":[{"embeddable":true,"href":"https:\/\/linitiative.ca\/International\/wp-json\/wp\/v2\/comments?post=125744"}],"version-history":[{"count":0,"href":"https:\/\/linitiative.ca\/International\/wp-json\/wp\/v2\/posts\/125744\/revisions"}],"wp:attachment":[{"href":"https:\/\/linitiative.ca\/International\/wp-json\/wp\/v2\/media?parent=125744"}],"wp:term":[{"taxonomy":"category","embeddable":true,"href":"https:\/\/linitiative.ca\/International\/wp-json\/wp\/v2\/categories?post=125744"},{"taxonomy":"post_tag","embeddable":true,"href":"https:\/\/linitiative.ca\/International\/wp-json\/wp\/v2\/tags?post=125744"}],"curies":[{"name":"wp","href":"https:\/\/api.w.org\/{rel}","templated":true}]}}