{"id":125749,"date":"2021-08-31T15:47:42","date_gmt":"2021-08-31T19:47:42","guid":{"rendered":"https:\/\/linitiative.ca\/International\/oriental-debut-de-loperation-de-vaccination-de-plus-de-188-000-eleves\/"},"modified":"2021-08-31T15:47:42","modified_gmt":"2021-08-31T19:47:42","slug":"oriental-debut-de-loperation-de-vaccination-de-plus-de-188-000-eleves","status":"publish","type":"post","link":"https:\/\/linitiative.ca\/International\/oriental-debut-de-loperation-de-vaccination-de-plus-de-188-000-eleves\/","title":{"rendered":"Oriental: d\u00e9but de l\u2019op\u00e9ration de vaccination de plus de 188.000 \u00e9l\u00e8ves"},"content":{"rendered":"<div>\n<div style=\"margin-bottom:20px;\"><img loading=\"lazy\" decoding=\"async\" width=\"750\" height=\"430\" src=\"https:\/\/linitiative.ca\/International\/wp-content\/uploads\/sites\/23\/2021\/09\/OpC3A9ration-de-vaccination-des-C3A9lC3A8ves-C3A2gC3A9s-de-12-C3A0-17-ans-contre-le-Covid-19-750C397430-MAP.jpg\" class=\"attachment-post-thumbnail size-post-thumbnail wp-post-image\" alt=\"\" srcset=\"https:\/\/linitiative.ca\/International\/wp-content\/uploads\/sites\/23\/2021\/09\/OpC3A9ration-de-vaccination-des-C3A9lC3A8ves-C3A2gC3A9s-de-12-C3A0-17-ans-contre-le-Covid-19-750C397430-MAP.jpg 750w, http:\/\/www.mapoujda.ma\/map\/uploads\/2021\/08\/Op\u00e9ration-de-vaccination-des-\u00e9l\u00e8ves-\u00e2g\u00e9s-de-12-\u00e0-17-ans-contre-le-Covid-19-750\u00d7430-MAP-300x172.jpg 300w\" sizes=\"auto, (max-width: 750px) 100vw, 750px\"><\/div>\n<div>\n<p style=\"text-align: justify;\">L\u2019op\u00e9ration de vaccination anti-Covid des \u00e9l\u00e8ves \u00e2g\u00e9s de 12 \u00e0 17 ans a d\u00e9but\u00e9 mardi au niveau de la r\u00e9gion de l\u2019Oriental, et doit profiter au total \u00e0 plus de 188.000 \u00e9l\u00e8ves.<\/p>\n<p style=\"text-align: justify;\">L\u2019op\u00e9ration se d\u00e9roule au niveau de 39 centres de vaccination, am\u00e9nag\u00e9s par l\u2019Acad\u00e9mie r\u00e9gionale de l\u2019\u00e9ducation et de la formation (AREF) de l\u2019Oriental, en coordination totale avec les autorit\u00e9s territoriales et sanitaires, et r\u00e9partis sur la pr\u00e9fecture d\u2019Oujda-Angad (4 centres) et les provinces de Berkane (4), Nador (5), Driouch (7), Guercif (7), Taourirt (2), Jerada (4) et Figuig (6).<\/p>\n<p style=\"text-align: justify;\">Lors d\u2019une visite effectu\u00e9e \u00e0 cette occasion au centre de vaccination situ\u00e9 au Lyc\u00e9e qualifiant Maghreb Arabe d\u2019Oujda, le directeur de l\u2019AREF de l\u2019Oriental, Mohamed Dib, a indiqu\u00e9 que le choix des \u00e9tablissements scolaires accueillant les centres de vaccination a \u00e9t\u00e9 fait sur la base des d\u00e9cisions d\u2019une commission tripartite incluant les autorit\u00e9s territoriales et sanitaires au niveau r\u00e9gional.<\/p>\n<p style=\"text-align: justify;\">Dans une d\u00e9claration \u00e0 la presse, M. Dib a mis en exergue \u00e9galement la possibilit\u00e9 de recourir \u00e0 des unit\u00e9s mobiles de vaccination, compte tenu des sp\u00e9cificit\u00e9s de la r\u00e9gion de l\u2019Oriental, son caract\u00e8re rural et la dispersion de la population, soulignant que l\u2019objectif principal de cette op\u00e9ration est de contribuer \u00e0 atteindre l\u2019objectif de l\u2019immunit\u00e9 collectif, au regard des indicateurs \u00e9pid\u00e9miologiques inqui\u00e9tants enregistr\u00e9s derni\u00e8rement au Maroc et du nombre des cas se trouvant dans les services de r\u00e9animation, y compris au sein de cette tranche d\u2019\u00e2ge.<\/p>\n<p style=\"text-align: justify;\">Cette op\u00e9ration, qui reste volontaire et soumise \u00e0 l\u2019accord des parents et tuteurs des enfants scolaris\u00e9s, vise aussi \u00e0 assurer une rentr\u00e9e scolaire s\u00fbre et stable et permettre aux \u00e9l\u00e8ves de b\u00e9n\u00e9ficier de l\u2019enseignement en pr\u00e9sentiel, a-t-il ajout\u00e9.<\/p>\n<p style=\"text-align: justify;\">A cet \u00e9gard, M. Dib a invit\u00e9 les parents et tuteurs des \u00e9l\u00e8ves concern\u00e9s par cette op\u00e9ration \u00e0 accompagner leurs enfants vers l\u2019\u00e9tablissement scolaire accueillant le centre de vaccination le plus proche de leurs lieux de r\u00e9sidence, pour b\u00e9n\u00e9ficier de la premi\u00e8re dose du vaccin (Pfizer ou Sinopharm).<\/p>\n<p style=\"text-align: justify;\">Selon l\u2019AREF, cette op\u00e9ration de vaccination concerne les \u00e9l\u00e8ves \u00e2g\u00e9s de 12 \u00e0 17 ans, relevant de l\u2019enseignement public et priv\u00e9 et des \u00e9coles des missions \u00e9trang\u00e8res, ainsi que de l\u2019enseignement originel et de l\u2019\u00e9ducation non formelle.<\/p>\n<\/div>\n<p>L\u2019article <a rel=\"nofollow\" href=\"http:\/\/www.mapoujda.ma\/fr\/oriental-debut-de-loperation-de-vaccination-de-plus-de-188-000-eleves\/\">Oriental: d\u00e9but de l\u2019op\u00e9ration de vaccination de plus de 188.000 \u00e9l\u00e8ves<\/a> est apparu en premier sur <a rel=\"nofollow\" href=\"http:\/\/www.mapoujda.ma\/fr\">MapOujda<\/a>.<\/p>\n<\/div>\n<p>Auteur: Soufiane ELAHMAR<br \/>\n<a href=\"http:\/\/www.mapoujda.ma\/fr\/oriental-debut-de-loperation-de-vaccination-de-plus-de-188-000-eleves\/\">Cliquez ici pour lire l&rsquo;article depuis sa source.<\/a><\/p>\n","protected":false},"excerpt":{"rendered":"<p>L\u2019op\u00e9ration de vaccination anti-Covid des \u00e9l\u00e8ves \u00e2g\u00e9s de 12 \u00e0 17 ans a d\u00e9but\u00e9 mardi au niveau de la r\u00e9gion de l\u2019Oriental, et doit profiter au total \u00e0 plus de 188.000 \u00e9l\u00e8ves. L\u2019op\u00e9ration se d\u00e9roule au niveau de 39 centres de vaccination, am\u00e9nag\u00e9s par l\u2019Acad\u00e9mie r\u00e9gionale de l\u2019\u00e9ducation et de la formation (AREF) de l\u2019Oriental, [&hellip;]<\/p>\n","protected":false},"author":1788,"featured_media":0,"comment_status":"closed","ping_status":"closed","sticky":false,"template":"","format":"standard","meta":{"fifu_image_url":"http:\/\/www.mapoujda.ma\/map\/uploads\/2021\/08\/Op\u00e9ration-de-vaccination-des-\u00e9l\u00e8ves-\u00e2g\u00e9s-de-12-\u00e0-17-ans-contre-le-Covid-19-750\u00d7430-MAP.jpg","fifu_image_alt":"Oriental: d\u00e9but de l\u2019op\u00e9ration de vaccination de plus de 188.000 \u00e9l\u00e8ves","footnotes":""},"categories":[54,76],"tags":[],"class_list":["post-125749","post","type-post","status-publish","format-standard","hentry","category-maroc","category-regions"],"_links":{"self":[{"href":"https:\/\/linitiative.ca\/International\/wp-json\/wp\/v2\/posts\/125749","targetHints":{"allow":["GET"]}}],"collection":[{"href":"https:\/\/linitiative.ca\/International\/wp-json\/wp\/v2\/posts"}],"about":[{"href":"https:\/\/linitiative.ca\/International\/wp-json\/wp\/v2\/types\/post"}],"author":[{"embeddable":true,"href":"https:\/\/linitiative.ca\/International\/wp-json\/wp\/v2\/users\/1788"}],"replies":[{"embeddable":true,"href":"https:\/\/linitiative.ca\/International\/wp-json\/wp\/v2\/comments?post=125749"}],"version-history":[{"count":0,"href":"https:\/\/linitiative.ca\/International\/wp-json\/wp\/v2\/posts\/125749\/revisions"}],"wp:attachment":[{"href":"https:\/\/linitiative.ca\/International\/wp-json\/wp\/v2\/media?parent=125749"}],"wp:term":[{"taxonomy":"category","embeddable":true,"href":"https:\/\/linitiative.ca\/International\/wp-json\/wp\/v2\/categories?post=125749"},{"taxonomy":"post_tag","embeddable":true,"href":"https:\/\/linitiative.ca\/International\/wp-json\/wp\/v2\/tags?post=125749"}],"curies":[{"name":"wp","href":"https:\/\/api.w.org\/{rel}","templated":true}]}}