{"id":125751,"date":"2021-08-31T16:35:33","date_gmt":"2021-08-31T20:35:33","guid":{"rendered":"https:\/\/linitiative.ca\/International\/oriental-debut-de-loperation-de-vaccination-de-plus-de-188-000-eleves-2\/"},"modified":"2021-08-31T16:35:33","modified_gmt":"2021-08-31T20:35:33","slug":"oriental-debut-de-loperation-de-vaccination-de-plus-de-188-000-eleves-2","status":"publish","type":"post","link":"https:\/\/linitiative.ca\/International\/oriental-debut-de-loperation-de-vaccination-de-plus-de-188-000-eleves-2\/","title":{"rendered":"Oriental: d\u00e9but de l\u2019op\u00e9ration de vaccination de plus de 188.000 \u00e9l\u00e8ves"},"content":{"rendered":"<div>\n<div style=\"margin-bottom:20px;\"><img loading=\"lazy\" decoding=\"async\" width=\"480\" height=\"360\" src=\"https:\/\/linitiative.ca\/International\/wp-content\/uploads\/sites\/23\/2021\/09\/D8B9D985D984D98AD8A9-D8A7D984D8AAD984D982D98AD8AD-D8B6D8AF-D983D988D981D98AD8AF-19-D984D981D8A7D8A6D8AFD8A9-D8A7D984D8AAD984D8A7D985D98AD8B0.jpg\" class=\"attachment-post-thumbnail size-post-thumbnail wp-post-image\" alt=\"\" srcset=\"https:\/\/linitiative.ca\/International\/wp-content\/uploads\/sites\/23\/2021\/09\/D8B9D985D984D98AD8A9-D8A7D984D8AAD984D982D98AD8AD-D8B6D8AF-D983D988D981D98AD8AF-19-D984D981D8A7D8A6D8AFD8A9-D8A7D984D8AAD984D8A7D985D98AD8B0.jpg 480w, http:\/\/www.mapoujda.ma\/map\/uploads\/2021\/08\/\u0627\u0646\u0637\u0644\u0627\u0642-\u0639\u0645\u0644\u064a\u0629-\u0627\u0644\u062a\u0644\u0642\u064a\u062d-\u0636\u062f-\u0643\u0648\u0641\u064a\u062f-19-\u0644\u0641\u0627\u0626\u062f\u0629-\u0627\u0644\u062a\u0644\u0627\u0645\u064a\u0630-300x225.jpg 300w, http:\/\/www.mapoujda.ma\/map\/uploads\/2021\/08\/\u0627\u0646\u0637\u0644\u0627\u0642-\u0639\u0645\u0644\u064a\u0629-\u0627\u0644\u062a\u0644\u0642\u064a\u062d-\u0636\u062f-\u0643\u0648\u0641\u064a\u062f-19-\u0644\u0641\u0627\u0626\u062f\u0629-\u0627\u0644\u062a\u0644\u0627\u0645\u064a\u0630-86x64.jpg 86w\" sizes=\"auto, (max-width: 480px) 100vw, 480px\"><\/div>\n<p>L\u2019article <a rel=\"nofollow\" href=\"http:\/\/www.mapoujda.ma\/fr\/oriental-debut-de-loperation-de-vaccination-de-plus-de-188-000-eleves-2\/\">Oriental: d\u00e9but de l\u2019op\u00e9ration de vaccination de plus de 188.000 \u00e9l\u00e8ves<\/a> est apparu en premier sur <a rel=\"nofollow\" href=\"http:\/\/www.mapoujda.ma\/fr\">MapOujda<\/a>.<\/p>\n<\/div>\n<p>Auteur: Soufiane ELAHMAR<br \/>\n<a href=\"http:\/\/www.mapoujda.ma\/fr\/oriental-debut-de-loperation-de-vaccination-de-plus-de-188-000-eleves-2\/\">Cliquez ici pour lire l&rsquo;article depuis sa source.<\/a><\/p>\n","protected":false},"excerpt":{"rendered":"<p>L\u2019article Oriental: d\u00e9but de l\u2019op\u00e9ration de vaccination de plus de 188.000 \u00e9l\u00e8ves est apparu en premier sur MapOujda. Auteur: Soufiane ELAHMAR Cliquez ici pour lire l&rsquo;article depuis sa source.<\/p>\n","protected":false},"author":1788,"featured_media":0,"comment_status":"closed","ping_status":"closed","sticky":false,"template":"","format":"standard","meta":{"fifu_image_url":"http:\/\/www.mapoujda.ma\/map\/uploads\/2021\/08\/\u0627\u0646\u0637\u0644\u0627\u0642-\u0639\u0645\u0644\u064a\u0629-\u0627\u0644\u062a\u0644\u0642\u064a\u062d-\u0636\u062f-\u0643\u0648\u0641\u064a\u062f-19-\u0644\u0641\u0627\u0626\u062f\u0629-\u0627\u0644\u062a\u0644\u0627\u0645\u064a\u0630.jpg","fifu_image_alt":"Oriental: d\u00e9but de l\u2019op\u00e9ration de vaccination de plus de 188.000 \u00e9l\u00e8ves","footnotes":""},"categories":[54,76],"tags":[],"class_list":["post-125751","post","type-post","status-publish","format-standard","hentry","category-maroc","category-regions"],"_links":{"self":[{"href":"https:\/\/linitiative.ca\/International\/wp-json\/wp\/v2\/posts\/125751","targetHints":{"allow":["GET"]}}],"collection":[{"href":"https:\/\/linitiative.ca\/International\/wp-json\/wp\/v2\/posts"}],"about":[{"href":"https:\/\/linitiative.ca\/International\/wp-json\/wp\/v2\/types\/post"}],"author":[{"embeddable":true,"href":"https:\/\/linitiative.ca\/International\/wp-json\/wp\/v2\/users\/1788"}],"replies":[{"embeddable":true,"href":"https:\/\/linitiative.ca\/International\/wp-json\/wp\/v2\/comments?post=125751"}],"version-history":[{"count":0,"href":"https:\/\/linitiative.ca\/International\/wp-json\/wp\/v2\/posts\/125751\/revisions"}],"wp:attachment":[{"href":"https:\/\/linitiative.ca\/International\/wp-json\/wp\/v2\/media?parent=125751"}],"wp:term":[{"taxonomy":"category","embeddable":true,"href":"https:\/\/linitiative.ca\/International\/wp-json\/wp\/v2\/categories?post=125751"},{"taxonomy":"post_tag","embeddable":true,"href":"https:\/\/linitiative.ca\/International\/wp-json\/wp\/v2\/tags?post=125751"}],"curies":[{"name":"wp","href":"https:\/\/api.w.org\/{rel}","templated":true}]}}