{"id":125759,"date":"2021-09-01T08:32:00","date_gmt":"2021-09-01T12:32:00","guid":{"rendered":"https:\/\/linitiative.ca\/International\/belmadi-tres-mecontent-de-letat-de-la-pelouse-du-stade-mustapha-tchaker-cest-une-calamite\/"},"modified":"2021-09-01T08:32:00","modified_gmt":"2021-09-01T12:32:00","slug":"belmadi-tres-mecontent-de-letat-de-la-pelouse-du-stade-mustapha-tchaker-cest-une-calamite","status":"publish","type":"post","link":"https:\/\/linitiative.ca\/International\/belmadi-tres-mecontent-de-letat-de-la-pelouse-du-stade-mustapha-tchaker-cest-une-calamite\/","title":{"rendered":"Belmadi tr\u00e8s m\u00e9content de l&rsquo;\u00e9tat de la pelouse du stade Mustapha Tchaker : \u00ab\u00a0C&rsquo;est une calamit\u00e9 !\u00a0\u00bb"},"content":{"rendered":"<div>En conf\u00e9rence de presse \u00e0 la veille du match face \u00e0 Djibouti, Le s\u00e9lectionneur national Djamel Belmadi \u00e9tait tr\u00e8s m\u00e9content de l&rsquo;\u00e9tat de la pelouse du stade Mustapha Tchaker de Blida<img loading=\"lazy\" decoding=\"async\" src=\"http:\/\/feeds.feedburner.com\/~r\/GalerieFArtciles\/~4\/tuB_T3XZ_l0\" height=\"1\" width=\"1\" alt=\"\"><\/div>\n<p>Auteur:<br \/>\n<a href=\"http:\/\/www.lebuteur.com\/article\/detail?titre=belmadi-tres-mecontent-de-letat-de-la-pelouse-du-stade-mustapha-tchaker-cest-une-calamite&#038;id=100997&#038;utm_source=feedburner&#038;utm_medium=feed&#038;utm_campaign=Feed%3A+GalerieFArtciles+%28Les+derniers+articles++-+lebuteur.com%29\">Cliquez ici pour lire l&rsquo;article depuis sa source.<\/a><\/p>\n","protected":false},"excerpt":{"rendered":"<p>En conf\u00e9rence de presse \u00e0 la veille du match face \u00e0 Djibouti, Le s\u00e9lectionneur national Djamel Belmadi \u00e9tait tr\u00e8s m\u00e9content de l&rsquo;\u00e9tat de la pelouse du stade Mustapha Tchaker de Blida Auteur: Cliquez ici pour lire l&rsquo;article depuis sa source.<\/p>\n","protected":false},"author":1738,"featured_media":0,"comment_status":"closed","ping_status":"closed","sticky":false,"template":"","format":"standard","meta":{"fifu_image_url":"http:\/\/feeds.feedburner.com\/~r\/GalerieFArtciles\/~4\/tuB_T3XZ_l0","fifu_image_alt":"<div>Belmadi tr\u00e8s m\u00e9content de l'\u00e9tat de la pelouse du stade Mustapha Tchaker : \"C'est une calamit\u00e9 !\"<\/div>","footnotes":""},"categories":[53,75],"tags":[],"class_list":["post-125759","post","type-post","status-publish","format-standard","hentry","category-algerie","category-sport"],"_links":{"self":[{"href":"https:\/\/linitiative.ca\/International\/wp-json\/wp\/v2\/posts\/125759","targetHints":{"allow":["GET"]}}],"collection":[{"href":"https:\/\/linitiative.ca\/International\/wp-json\/wp\/v2\/posts"}],"about":[{"href":"https:\/\/linitiative.ca\/International\/wp-json\/wp\/v2\/types\/post"}],"author":[{"embeddable":true,"href":"https:\/\/linitiative.ca\/International\/wp-json\/wp\/v2\/users\/1738"}],"replies":[{"embeddable":true,"href":"https:\/\/linitiative.ca\/International\/wp-json\/wp\/v2\/comments?post=125759"}],"version-history":[{"count":0,"href":"https:\/\/linitiative.ca\/International\/wp-json\/wp\/v2\/posts\/125759\/revisions"}],"wp:attachment":[{"href":"https:\/\/linitiative.ca\/International\/wp-json\/wp\/v2\/media?parent=125759"}],"wp:term":[{"taxonomy":"category","embeddable":true,"href":"https:\/\/linitiative.ca\/International\/wp-json\/wp\/v2\/categories?post=125759"},{"taxonomy":"post_tag","embeddable":true,"href":"https:\/\/linitiative.ca\/International\/wp-json\/wp\/v2\/tags?post=125759"}],"curies":[{"name":"wp","href":"https:\/\/api.w.org\/{rel}","templated":true}]}}